
{"id":1685,"date":"2026-09-05T15:19:55","date_gmt":"2026-09-05T15:19:55","guid":{"rendered":"https:\/\/agenda-culturel-bf.com\/?p=1685"},"modified":"2026-09-05T15:19:55","modified_gmt":"2026-09-05T15:19:55","slug":"cote-divoire-humour-michel-gohou-recompense-a-paris-pour-son-immense-carriere","status":"publish","type":"post","link":"https:\/\/agenda-culturel-bf.com\/?p=1685","title":{"rendered":"Cote d&rsquo;ivoire\/Humour : Michel Gohou r\u00e9compens\u00e9 \u00e0 Paris pour son immense carri\u00e8re"},"content":{"rendered":"<p>L\u2019humoriste et com\u00e9dien ivoirien Michel Gohou vient d\u2019ajouter une nouvelle distinction \u00e0 son impressionnant parcours. Il a \u00e9t\u00e9 honor\u00e9, le 3 septembre 2026 \u00e0 Paris, \u00e0 l\u2019occasion de la premi\u00e8re \u00e9dition des Africa Next Awards. Une reconnaissance qui vient saluer plusieurs d\u00e9cennies consacr\u00e9es \u00e0 l\u2019humour, au cin\u00e9ma et au spectacle africain.<\/p>\n<p>Dans la capitale fran\u00e7aise, les projecteurs \u00e9taient une nouvelle fois braqu\u00e9s sur Michel Gohou. Dans la mythique salle de Folies Berg\u00e8re, l\u2019artiste ivoirien a \u00e9t\u00e9 distingu\u00e9 parmi une centaine de personnalit\u00e9s africaines et de la diaspora mises \u00e0 l\u2019honneur lors des Africa Next Awards 2026.<\/p>\n<p>L\u2019organisation pr\u00e9sente cette distinction comme une reconnaissance de son parcours de com\u00e9dien, acteur, r\u00e9alisateur et producteur, mais \u00e9galement de son influence sur la culture africaine.<\/p>\n<p>Depuis plusieurs d\u00e9cennies, Michel Gohou s\u2019est impos\u00e9 comme l\u2019un des visages les plus populaires de l\u2019humour ivoirien et africain. Ses personnages, son jeu sc\u00e9nique et son style particulier ont travers\u00e9 les fronti\u00e8res de la C\u00f4te d\u2019Ivoire pour toucher un public bien plus large. De la t\u00e9l\u00e9vision au cin\u00e9ma, en passant par les spectacles, l\u2019artiste a construit une carri\u00e8re qui lui a permis de devenir une figure famili\u00e8re pour plusieurs g\u00e9n\u00e9rations.<\/p>\n<p><strong>Agenda culturel Burkina<\/strong><\/p>\n","protected":false},"excerpt":{"rendered":"<p>L\u2019humoriste et com\u00e9dien ivoirien Michel Gohou vient d\u2019ajouter une nouvelle distinction \u00e0 son impressionnant parcours. Il a \u00e9t\u00e9 honor\u00e9, le&#8230;<\/p>\n","protected":false},"author":2,"featured_media":1686,"comment_status":"open","ping_status":"open","sticky":false,"template":"","format":"standard","meta":{"footnotes":""},"categories":[40],"tags":[],"class_list":["post-1685","post","type-post","status-publish","format-standard","has-post-thumbnail","hentry","category-international"],"yoast_head":"<!-- This site is optimized with the Yoast SEO plugin v28.4 - https:\/\/yoast.com\/product\/yoast-seo-wordpress\/ -->\n<title>Cote d&#039;ivoire\/Humour : Michel Gohou r\u00e9compens\u00e9 \u00e0 Paris pour son immense carri\u00e8re - Agenda Culturel Burkina<\/title>\n<meta name=\"robots\" content=\"index, follow, max-snippet:-1, max-image-preview:large, max-video-preview:-1\" \/>\n<link rel=\"canonical\" href=\"https:\/\/agenda-culturel-bf.com\/?p=1685\" \/>\n<meta property=\"og:locale\" content=\"fr_FR\" \/>\n<meta property=\"og:type\" content=\"article\" \/>\n<meta property=\"og:title\" content=\"Cote d&#039;ivoire\/Humour : Michel Gohou r\u00e9compens\u00e9 \u00e0 Paris pour son immense carri\u00e8re - Agenda Culturel Burkina\" \/>\n<meta property=\"og:description\" content=\"L\u2019humoriste et com\u00e9dien ivoirien Michel Gohou vient d\u2019ajouter une nouvelle distinction \u00e0 son impressionnant parcours. Il a \u00e9t\u00e9 honor\u00e9, le...\" \/>\n<meta property=\"og:url\" content=\"https:\/\/agenda-culturel-bf.com\/?p=1685\" \/>\n<meta property=\"og:site_name\" content=\"Agenda Culturel Burkina\" \/>\n<meta property=\"article:published_time\" content=\"2026-09-05T15:19:55+00:00\" \/>\n<meta property=\"og:image\" content=\"https:\/\/agenda-culturel-bf.com\/wp-content\/uploads\/2026\/09\/IMG-20260905-WA0080.jpg\" \/>\n\t<meta property=\"og:image:width\" content=\"720\" \/>\n\t<meta property=\"og:image:height\" content=\"480\" \/>\n\t<meta property=\"og:image:type\" content=\"image\/jpeg\" \/>\n<meta name=\"author\" content=\"Admin\" \/>\n<meta name=\"twitter:card\" content=\"summary_large_image\" \/>\n<meta name=\"twitter:label1\" content=\"\u00c9crit par\" \/>\n\t<meta name=\"twitter:data1\" content=\"Admin\" \/>\n\t<meta name=\"twitter:label2\" content=\"Dur\u00e9e de lecture estim\u00e9e\" \/>\n\t<meta name=\"twitter:data2\" content=\"2 minutes\" \/>\n<script type=\"application\/ld+json\" class=\"yoast-schema-graph\">{\"@context\":\"https:\\\/\\\/schema.org\",\"@graph\":[{\"@type\":\"Article\",\"@id\":\"https:\\\/\\\/agenda-culturel-bf.com\\\/?p=1685#article\",\"isPartOf\":{\"@id\":\"https:\\\/\\\/agenda-culturel-bf.com\\\/?p=1685\"},\"author\":{\"name\":\"Admin\",\"@id\":\"https:\\\/\\\/agenda-culturel-bf.com\\\/#\\\/schema\\\/person\\\/d8068eb959233041a009440fbc9b48dd\"},\"headline\":\"Cote d&rsquo;ivoire\\\/Humour : Michel Gohou r\u00e9compens\u00e9 \u00e0 Paris pour son immense carri\u00e8re\",\"datePublished\":\"2026-09-05T15:19:55+00:00\",\"mainEntityOfPage\":{\"@id\":\"https:\\\/\\\/agenda-culturel-bf.com\\\/?p=1685\"},\"wordCount\":235,\"commentCount\":0,\"publisher\":{\"@id\":\"https:\\\/\\\/agenda-culturel-bf.com\\\/#organization\"},\"image\":{\"@id\":\"https:\\\/\\\/agenda-culturel-bf.com\\\/?p=1685#primaryimage\"},\"thumbnailUrl\":\"https:\\\/\\\/agenda-culturel-bf.com\\\/wp-content\\\/uploads\\\/2026\\\/09\\\/IMG-20260905-WA0080.jpg\",\"articleSection\":[\"International\"],\"inLanguage\":\"fr-FR\",\"potentialAction\":[{\"@type\":\"CommentAction\",\"name\":\"Comment\",\"target\":[\"https:\\\/\\\/agenda-culturel-bf.com\\\/?p=1685#respond\"]}]},{\"@type\":\"WebPage\",\"@id\":\"https:\\\/\\\/agenda-culturel-bf.com\\\/?p=1685\",\"url\":\"https:\\\/\\\/agenda-culturel-bf.com\\\/?p=1685\",\"name\":\"Cote d'ivoire\\\/Humour : Michel Gohou r\u00e9compens\u00e9 \u00e0 Paris pour son immense carri\u00e8re - Agenda Culturel Burkina\",\"isPartOf\":{\"@id\":\"https:\\\/\\\/agenda-culturel-bf.com\\\/#website\"},\"primaryImageOfPage\":{\"@id\":\"https:\\\/\\\/agenda-culturel-bf.com\\\/?p=1685#primaryimage\"},\"image\":{\"@id\":\"https:\\\/\\\/agenda-culturel-bf.com\\\/?p=1685#primaryimage\"},\"thumbnailUrl\":\"https:\\\/\\\/agenda-culturel-bf.com\\\/wp-content\\\/uploads\\\/2026\\\/09\\\/IMG-20260905-WA0080.jpg\",\"datePublished\":\"2026-09-05T15:19:55+00:00\",\"breadcrumb\":{\"@id\":\"https:\\\/\\\/agenda-culturel-bf.com\\\/?p=1685#breadcrumb\"},\"inLanguage\":\"fr-FR\",\"potentialAction\":[{\"@type\":\"ReadAction\",\"target\":[\"https:\\\/\\\/agenda-culturel-bf.com\\\/?p=1685\"]}]},{\"@type\":\"ImageObject\",\"inLanguage\":\"fr-FR\",\"@id\":\"https:\\\/\\\/agenda-culturel-bf.com\\\/?p=1685#primaryimage\",\"url\":\"https:\\\/\\\/agenda-culturel-bf.com\\\/wp-content\\\/uploads\\\/2026\\\/09\\\/IMG-20260905-WA0080.jpg\",\"contentUrl\":\"https:\\\/\\\/agenda-culturel-bf.com\\\/wp-content\\\/uploads\\\/2026\\\/09\\\/IMG-20260905-WA0080.jpg\",\"width\":720,\"height\":480},{\"@type\":\"BreadcrumbList\",\"@id\":\"https:\\\/\\\/agenda-culturel-bf.com\\\/?p=1685#breadcrumb\",\"itemListElement\":[{\"@type\":\"ListItem\",\"position\":1,\"name\":\"Home\",\"item\":\"https:\\\/\\\/agenda-culturel-bf.com\\\/\"},{\"@type\":\"ListItem\",\"position\":2,\"name\":\"Cote d&rsquo;ivoire\\\/Humour : Michel Gohou r\u00e9compens\u00e9 \u00e0 Paris pour son immense carri\u00e8re\"}]},{\"@type\":\"WebSite\",\"@id\":\"https:\\\/\\\/agenda-culturel-bf.com\\\/#website\",\"url\":\"https:\\\/\\\/agenda-culturel-bf.com\\\/\",\"name\":\"Agenda Culturel Burkina\",\"description\":\"\",\"publisher\":{\"@id\":\"https:\\\/\\\/agenda-culturel-bf.com\\\/#organization\"},\"potentialAction\":[{\"@type\":\"SearchAction\",\"target\":{\"@type\":\"EntryPoint\",\"urlTemplate\":\"https:\\\/\\\/agenda-culturel-bf.com\\\/?s={search_term_string}\"},\"query-input\":{\"@type\":\"PropertyValueSpecification\",\"valueRequired\":true,\"valueName\":\"search_term_string\"}}],\"inLanguage\":\"fr-FR\"},{\"@type\":\"Organization\",\"@id\":\"https:\\\/\\\/agenda-culturel-bf.com\\\/#organization\",\"name\":\"Agenda Culturel Burkina\",\"url\":\"https:\\\/\\\/agenda-culturel-bf.com\\\/\",\"logo\":{\"@type\":\"ImageObject\",\"inLanguage\":\"fr-FR\",\"@id\":\"https:\\\/\\\/agenda-culturel-bf.com\\\/#\\\/schema\\\/logo\\\/image\\\/\",\"url\":\"https:\\\/\\\/agenda-culturel-bf.com\\\/wp-content\\\/uploads\\\/2026\\\/07\\\/logo1.jpg\",\"contentUrl\":\"https:\\\/\\\/agenda-culturel-bf.com\\\/wp-content\\\/uploads\\\/2026\\\/07\\\/logo1.jpg\",\"width\":250,\"height\":250,\"caption\":\"Agenda Culturel Burkina\"},\"image\":{\"@id\":\"https:\\\/\\\/agenda-culturel-bf.com\\\/#\\\/schema\\\/logo\\\/image\\\/\"}},{\"@type\":\"Person\",\"@id\":\"https:\\\/\\\/agenda-culturel-bf.com\\\/#\\\/schema\\\/person\\\/d8068eb959233041a009440fbc9b48dd\",\"name\":\"Admin\",\"image\":{\"@type\":\"ImageObject\",\"inLanguage\":\"fr-FR\",\"@id\":\"https:\\\/\\\/secure.gravatar.com\\\/avatar\\\/7b133366f3aefc58e8c220f8912fc40cee1024290a2f146b827e79e190187c2b?s=96&d=mm&r=g\",\"url\":\"https:\\\/\\\/secure.gravatar.com\\\/avatar\\\/7b133366f3aefc58e8c220f8912fc40cee1024290a2f146b827e79e190187c2b?s=96&d=mm&r=g\",\"contentUrl\":\"https:\\\/\\\/secure.gravatar.com\\\/avatar\\\/7b133366f3aefc58e8c220f8912fc40cee1024290a2f146b827e79e190187c2b?s=96&d=mm&r=g\",\"caption\":\"Admin\"},\"url\":\"https:\\\/\\\/agenda-culturel-bf.com\\\/?author=2\"}]}<\/script>\n<!-- \/ Yoast SEO plugin. -->","yoast_head_json":{"title":"Cote d'ivoire\/Humour : Michel Gohou r\u00e9compens\u00e9 \u00e0 Paris pour son immense carri\u00e8re - Agenda Culturel Burkina","robots":{"index":"index","follow":"follow","max-snippet":"max-snippet:-1","max-image-preview":"max-image-preview:large","max-video-preview":"max-video-preview:-1"},"canonical":"https:\/\/agenda-culturel-bf.com\/?p=1685","og_locale":"fr_FR","og_type":"article","og_title":"Cote d'ivoire\/Humour : Michel Gohou r\u00e9compens\u00e9 \u00e0 Paris pour son immense carri\u00e8re - Agenda Culturel Burkina","og_description":"L\u2019humoriste et com\u00e9dien ivoirien Michel Gohou vient d\u2019ajouter une nouvelle distinction \u00e0 son impressionnant parcours. Il a \u00e9t\u00e9 honor\u00e9, le...","og_url":"https:\/\/agenda-culturel-bf.com\/?p=1685","og_site_name":"Agenda Culturel Burkina","article_published_time":"2026-09-05T15:19:55+00:00","og_image":[{"width":720,"height":480,"url":"https:\/\/agenda-culturel-bf.com\/wp-content\/uploads\/2026\/09\/IMG-20260905-WA0080.jpg","type":"image\/jpeg"}],"author":"Admin","twitter_card":"summary_large_image","twitter_misc":{"\u00c9crit par":"Admin","Dur\u00e9e de lecture estim\u00e9e":"2 minutes"},"schema":{"@context":"https:\/\/schema.org","@graph":[{"@type":"Article","@id":"https:\/\/agenda-culturel-bf.com\/?p=1685#article","isPartOf":{"@id":"https:\/\/agenda-culturel-bf.com\/?p=1685"},"author":{"name":"Admin","@id":"https:\/\/agenda-culturel-bf.com\/#\/schema\/person\/d8068eb959233041a009440fbc9b48dd"},"headline":"Cote d&rsquo;ivoire\/Humour : Michel Gohou r\u00e9compens\u00e9 \u00e0 Paris pour son immense carri\u00e8re","datePublished":"2026-09-05T15:19:55+00:00","mainEntityOfPage":{"@id":"https:\/\/agenda-culturel-bf.com\/?p=1685"},"wordCount":235,"commentCount":0,"publisher":{"@id":"https:\/\/agenda-culturel-bf.com\/#organization"},"image":{"@id":"https:\/\/agenda-culturel-bf.com\/?p=1685#primaryimage"},"thumbnailUrl":"https:\/\/agenda-culturel-bf.com\/wp-content\/uploads\/2026\/09\/IMG-20260905-WA0080.jpg","articleSection":["International"],"inLanguage":"fr-FR","potentialAction":[{"@type":"CommentAction","name":"Comment","target":["https:\/\/agenda-culturel-bf.com\/?p=1685#respond"]}]},{"@type":"WebPage","@id":"https:\/\/agenda-culturel-bf.com\/?p=1685","url":"https:\/\/agenda-culturel-bf.com\/?p=1685","name":"Cote d'ivoire\/Humour : Michel Gohou r\u00e9compens\u00e9 \u00e0 Paris pour son immense carri\u00e8re - Agenda Culturel Burkina","isPartOf":{"@id":"https:\/\/agenda-culturel-bf.com\/#website"},"primaryImageOfPage":{"@id":"https:\/\/agenda-culturel-bf.com\/?p=1685#primaryimage"},"image":{"@id":"https:\/\/agenda-culturel-bf.com\/?p=1685#primaryimage"},"thumbnailUrl":"https:\/\/agenda-culturel-bf.com\/wp-content\/uploads\/2026\/09\/IMG-20260905-WA0080.jpg","datePublished":"2026-09-05T15:19:55+00:00","breadcrumb":{"@id":"https:\/\/agenda-culturel-bf.com\/?p=1685#breadcrumb"},"inLanguage":"fr-FR","potentialAction":[{"@type":"ReadAction","target":["https:\/\/agenda-culturel-bf.com\/?p=1685"]}]},{"@type":"ImageObject","inLanguage":"fr-FR","@id":"https:\/\/agenda-culturel-bf.com\/?p=1685#primaryimage","url":"https:\/\/agenda-culturel-bf.com\/wp-content\/uploads\/2026\/09\/IMG-20260905-WA0080.jpg","contentUrl":"https:\/\/agenda-culturel-bf.com\/wp-content\/uploads\/2026\/09\/IMG-20260905-WA0080.jpg","width":720,"height":480},{"@type":"BreadcrumbList","@id":"https:\/\/agenda-culturel-bf.com\/?p=1685#breadcrumb","itemListElement":[{"@type":"ListItem","position":1,"name":"Home","item":"https:\/\/agenda-culturel-bf.com\/"},{"@type":"ListItem","position":2,"name":"Cote d&rsquo;ivoire\/Humour : Michel Gohou r\u00e9compens\u00e9 \u00e0 Paris pour son immense carri\u00e8re"}]},{"@type":"WebSite","@id":"https:\/\/agenda-culturel-bf.com\/#website","url":"https:\/\/agenda-culturel-bf.com\/","name":"Agenda Culturel Burkina","description":"","publisher":{"@id":"https:\/\/agenda-culturel-bf.com\/#organization"},"potentialAction":[{"@type":"SearchAction","target":{"@type":"EntryPoint","urlTemplate":"https:\/\/agenda-culturel-bf.com\/?s={search_term_string}"},"query-input":{"@type":"PropertyValueSpecification","valueRequired":true,"valueName":"search_term_string"}}],"inLanguage":"fr-FR"},{"@type":"Organization","@id":"https:\/\/agenda-culturel-bf.com\/#organization","name":"Agenda Culturel Burkina","url":"https:\/\/agenda-culturel-bf.com\/","logo":{"@type":"ImageObject","inLanguage":"fr-FR","@id":"https:\/\/agenda-culturel-bf.com\/#\/schema\/logo\/image\/","url":"https:\/\/agenda-culturel-bf.com\/wp-content\/uploads\/2026\/07\/logo1.jpg","contentUrl":"https:\/\/agenda-culturel-bf.com\/wp-content\/uploads\/2026\/07\/logo1.jpg","width":250,"height":250,"caption":"Agenda Culturel Burkina"},"image":{"@id":"https:\/\/agenda-culturel-bf.com\/#\/schema\/logo\/image\/"}},{"@type":"Person","@id":"https:\/\/agenda-culturel-bf.com\/#\/schema\/person\/d8068eb959233041a009440fbc9b48dd","name":"Admin","image":{"@type":"ImageObject","inLanguage":"fr-FR","@id":"https:\/\/secure.gravatar.com\/avatar\/7b133366f3aefc58e8c220f8912fc40cee1024290a2f146b827e79e190187c2b?s=96&d=mm&r=g","url":"https:\/\/secure.gravatar.com\/avatar\/7b133366f3aefc58e8c220f8912fc40cee1024290a2f146b827e79e190187c2b?s=96&d=mm&r=g","contentUrl":"https:\/\/secure.gravatar.com\/avatar\/7b133366f3aefc58e8c220f8912fc40cee1024290a2f146b827e79e190187c2b?s=96&d=mm&r=g","caption":"Admin"},"url":"https:\/\/agenda-culturel-bf.com\/?author=2"}]}},"_links":{"self":[{"href":"https:\/\/agenda-culturel-bf.com\/index.php?rest_route=\/wp\/v2\/posts\/1685","targetHints":{"allow":["GET"]}}],"collection":[{"href":"https:\/\/agenda-culturel-bf.com\/index.php?rest_route=\/wp\/v2\/posts"}],"about":[{"href":"https:\/\/agenda-culturel-bf.com\/index.php?rest_route=\/wp\/v2\/types\/post"}],"author":[{"embeddable":true,"href":"https:\/\/agenda-culturel-bf.com\/index.php?rest_route=\/wp\/v2\/users\/2"}],"replies":[{"embeddable":true,"href":"https:\/\/agenda-culturel-bf.com\/index.php?rest_route=%2Fwp%2Fv2%2Fcomments&post=1685"}],"version-history":[{"count":1,"href":"https:\/\/agenda-culturel-bf.com\/index.php?rest_route=\/wp\/v2\/posts\/1685\/revisions"}],"predecessor-version":[{"id":1687,"href":"https:\/\/agenda-culturel-bf.com\/index.php?rest_route=\/wp\/v2\/posts\/1685\/revisions\/1687"}],"wp:featuredmedia":[{"embeddable":true,"href":"https:\/\/agenda-culturel-bf.com\/index.php?rest_route=\/wp\/v2\/media\/1686"}],"wp:attachment":[{"href":"https:\/\/agenda-culturel-bf.com\/index.php?rest_route=%2Fwp%2Fv2%2Fmedia&parent=1685"}],"wp:term":[{"taxonomy":"category","embeddable":true,"href":"https:\/\/agenda-culturel-bf.com\/index.php?rest_route=%2Fwp%2Fv2%2Fcategories&post=1685"},{"taxonomy":"post_tag","embeddable":true,"href":"https:\/\/agenda-culturel-bf.com\/index.php?rest_route=%2Fwp%2Fv2%2Ftags&post=1685"}],"curies":[{"name":"wp","href":"https:\/\/api.w.org\/{rel}","templated":true}]}}