
{"id":1671,"date":"2026-09-05T09:57:21","date_gmt":"2026-09-05T09:57:21","guid":{"rendered":"https:\/\/agenda-culturel-bf.com\/?p=1671"},"modified":"2026-09-05T09:57:21","modified_gmt":"2026-09-05T09:57:21","slug":"burkina-musique-nabalum-annonce-un-concert-live-inedit-pour-ses-10-ans-de-carriere","status":"publish","type":"post","link":"https:\/\/agenda-culturel-bf.com\/?p=1671","title":{"rendered":"Burkina\/Musique : Nabal\u00fcm annonce un concert live in\u00e9dit pour ses 10 ans de carri\u00e8re"},"content":{"rendered":"<p>L\u2019artiste burkinab\u00e8 Nabal\u00fcm c\u00e9l\u00e9brera ses dix ans de carri\u00e8re le 24 octobre 2026, \u00e0 travers un concert 100 % live \u00e0 la salle des banquets de Ouaga 200. L&rsquo;annonce a \u00e9t\u00e9 faite ce 4 septembre 2026 lors d&rsquo;une conf\u00e9rence anim\u00e9e par l&rsquo;artiste elle-m\u00eame.<\/p>\n<p>R\u00e9v\u00e9l\u00e9e au grand public gr\u00e2ce \u00e0 l\u2019\u00e9mission Star Karaok\u00e9 de la RTI en 2014, puis avec son titre \u00ab Myam\u00e9 \u00bb en 2016, Nabal\u00fcm a gravi les \u00e9tapes d&rsquo;abord avec la maison de production La Cour du Naaba, puis avec une autre Destiny Prod avant de lancer sa propre structure de production d\u00e9nomm\u00e9e Karism Prod.<\/p>\n<figure id=\"attachment_1672\" aria-describedby=\"caption-attachment-1672\" style=\"width: 300px\" class=\"wp-caption aligncenter\"><img class=\"size-medium wp-image-1672\"  alt=\"\" width=\"300\" height=\"200\" \/ loading=\"eager\" fetchpriority=\"high\" decoding=\"async\" src=\"https:\/\/agenda-culturel-bf.com\/wp-content\/uploads\/2026\/09\/FB_IMG_1788601365310-300x200.jpg\" srcset=\"https:\/\/agenda-culturel-bf.com\/wp-content\/uploads\/2026\/09\/FB_IMG_1788601365310-300x200.jpg 300w, https:\/\/agenda-culturel-bf.com\/wp-content\/uploads\/2026\/09\/FB_IMG_1788601365310-1024x683.jpg 1024w, https:\/\/agenda-culturel-bf.com\/wp-content\/uploads\/2026\/09\/FB_IMG_1788601365310-768x512.jpg 768w, https:\/\/agenda-culturel-bf.com\/wp-content\/uploads\/2026\/09\/FB_IMG_1788601365310-1536x1025.jpg 1536w, https:\/\/agenda-culturel-bf.com\/wp-content\/uploads\/2026\/09\/FB_IMG_1788601365310.jpg 2048w\" sizes=\"(max-width: 300px) 100vw, 300px\" \/><figcaption id=\"caption-attachment-1672\" class=\"wp-caption-text\">Nabal\u00fcm<\/figcaption><\/figure>\n<p>Pour ce concert \u00ab\u00a0Royal\u00a0\u00bb comme elle l&rsquo;a surnomm\u00e9, la Black Queen r\u00e9serve des surprises. \u00ab\u00a0Ce concert des 10 ans, je veux vous le faire d\u00e9couvrir comme on ouvre un livre : chapitre apr\u00e8s chapitre. Et sur chaque page est marqu\u00e9e noir sur blanc, une ou des surprises. Certaines, vous les sentirez venir. D&rsquo;autres, personne ne les verra vraiment arriver. \u00c7a vous prendra d&rsquo;un coup\u00a0\u00bb a-t-elle confi\u00e9 aux hommes de m\u00e9dias.<\/p>\n<p>L\u2019acc\u00e8s \u00e0 ce spectacle est soumis \u00e0 l\u2019achat d\u2019un ticket, dont les prix sont fix\u00e9s \u00e0 25 000, 50 000 et 100 000 FCFA. Nabal\u00fcm invite ses fans et le public \u00e0 venir nombreux partager ce moment unique.<\/p>\n<p><strong>Agenda Culturel Burkina<\/strong><\/p>\n","protected":false},"excerpt":{"rendered":"<p>L\u2019artiste burkinab\u00e8 Nabal\u00fcm c\u00e9l\u00e9brera ses dix ans de carri\u00e8re le 24 octobre 2026, \u00e0 travers un concert 100 % live&#8230;<\/p>\n","protected":false},"author":2,"featured_media":1673,"comment_status":"open","ping_status":"open","sticky":false,"template":"","format":"standard","meta":{"footnotes":""},"categories":[35],"tags":[82,81],"class_list":["post-1671","post","type-post","status-publish","format-standard","has-post-thumbnail","hentry","category-musique","tag-karism-prod","tag-nabalum"],"yoast_head":"<!-- This site is optimized with the Yoast SEO plugin v28.4 - https:\/\/yoast.com\/product\/yoast-seo-wordpress\/ -->\n<title>Burkina\/Musique : Nabal\u00fcm annonce un concert live in\u00e9dit pour ses 10 ans de carri\u00e8re - Agenda Culturel Burkina<\/title>\n<meta name=\"robots\" content=\"index, follow, max-snippet:-1, max-image-preview:large, max-video-preview:-1\" \/>\n<link rel=\"canonical\" href=\"https:\/\/agenda-culturel-bf.com\/?p=1671\" \/>\n<meta property=\"og:locale\" content=\"fr_FR\" \/>\n<meta property=\"og:type\" content=\"article\" \/>\n<meta property=\"og:title\" content=\"Burkina\/Musique : Nabal\u00fcm annonce un concert live in\u00e9dit pour ses 10 ans de carri\u00e8re - Agenda Culturel Burkina\" \/>\n<meta property=\"og:description\" content=\"L\u2019artiste burkinab\u00e8 Nabal\u00fcm c\u00e9l\u00e9brera ses dix ans de carri\u00e8re le 24 octobre 2026, \u00e0 travers un concert 100 % live...\" \/>\n<meta property=\"og:url\" content=\"https:\/\/agenda-culturel-bf.com\/?p=1671\" \/>\n<meta property=\"og:site_name\" content=\"Agenda Culturel Burkina\" \/>\n<meta property=\"article:published_time\" content=\"2026-09-05T09:57:21+00:00\" \/>\n<meta property=\"og:image\" content=\"https:\/\/agenda-culturel-bf.com\/wp-content\/uploads\/2026\/09\/IMG-20260905-WA0012.jpg\" \/>\n\t<meta property=\"og:image:width\" content=\"720\" \/>\n\t<meta property=\"og:image:height\" content=\"409\" \/>\n\t<meta property=\"og:image:type\" content=\"image\/jpeg\" \/>\n<meta name=\"author\" content=\"Admin\" \/>\n<meta name=\"twitter:card\" content=\"summary_large_image\" \/>\n<meta name=\"twitter:label1\" content=\"\u00c9crit par\" \/>\n\t<meta name=\"twitter:data1\" content=\"Admin\" \/>\n\t<meta name=\"twitter:label2\" content=\"Dur\u00e9e de lecture estim\u00e9e\" \/>\n\t<meta name=\"twitter:data2\" content=\"2 minutes\" \/>\n<script type=\"application\/ld+json\" class=\"yoast-schema-graph\">{\"@context\":\"https:\\\/\\\/schema.org\",\"@graph\":[{\"@type\":\"Article\",\"@id\":\"https:\\\/\\\/agenda-culturel-bf.com\\\/?p=1671#article\",\"isPartOf\":{\"@id\":\"https:\\\/\\\/agenda-culturel-bf.com\\\/?p=1671\"},\"author\":{\"name\":\"Admin\",\"@id\":\"https:\\\/\\\/agenda-culturel-bf.com\\\/#\\\/schema\\\/person\\\/d8068eb959233041a009440fbc9b48dd\"},\"headline\":\"Burkina\\\/Musique : Nabal\u00fcm annonce un concert live in\u00e9dit pour ses 10 ans de carri\u00e8re\",\"datePublished\":\"2026-09-05T09:57:21+00:00\",\"mainEntityOfPage\":{\"@id\":\"https:\\\/\\\/agenda-culturel-bf.com\\\/?p=1671\"},\"wordCount\":242,\"commentCount\":0,\"publisher\":{\"@id\":\"https:\\\/\\\/agenda-culturel-bf.com\\\/#organization\"},\"image\":{\"@id\":\"https:\\\/\\\/agenda-culturel-bf.com\\\/?p=1671#primaryimage\"},\"thumbnailUrl\":\"https:\\\/\\\/agenda-culturel-bf.com\\\/wp-content\\\/uploads\\\/2026\\\/09\\\/IMG-20260905-WA0012.jpg\",\"keywords\":[\"Karism Prod\",\"Nabal\u00fcm\"],\"articleSection\":[\"Musique\"],\"inLanguage\":\"fr-FR\",\"potentialAction\":[{\"@type\":\"CommentAction\",\"name\":\"Comment\",\"target\":[\"https:\\\/\\\/agenda-culturel-bf.com\\\/?p=1671#respond\"]}]},{\"@type\":\"WebPage\",\"@id\":\"https:\\\/\\\/agenda-culturel-bf.com\\\/?p=1671\",\"url\":\"https:\\\/\\\/agenda-culturel-bf.com\\\/?p=1671\",\"name\":\"Burkina\\\/Musique : Nabal\u00fcm annonce un concert live in\u00e9dit pour ses 10 ans de carri\u00e8re - Agenda Culturel Burkina\",\"isPartOf\":{\"@id\":\"https:\\\/\\\/agenda-culturel-bf.com\\\/#website\"},\"primaryImageOfPage\":{\"@id\":\"https:\\\/\\\/agenda-culturel-bf.com\\\/?p=1671#primaryimage\"},\"image\":{\"@id\":\"https:\\\/\\\/agenda-culturel-bf.com\\\/?p=1671#primaryimage\"},\"thumbnailUrl\":\"https:\\\/\\\/agenda-culturel-bf.com\\\/wp-content\\\/uploads\\\/2026\\\/09\\\/IMG-20260905-WA0012.jpg\",\"datePublished\":\"2026-09-05T09:57:21+00:00\",\"breadcrumb\":{\"@id\":\"https:\\\/\\\/agenda-culturel-bf.com\\\/?p=1671#breadcrumb\"},\"inLanguage\":\"fr-FR\",\"potentialAction\":[{\"@type\":\"ReadAction\",\"target\":[\"https:\\\/\\\/agenda-culturel-bf.com\\\/?p=1671\"]}]},{\"@type\":\"ImageObject\",\"inLanguage\":\"fr-FR\",\"@id\":\"https:\\\/\\\/agenda-culturel-bf.com\\\/?p=1671#primaryimage\",\"url\":\"https:\\\/\\\/agenda-culturel-bf.com\\\/wp-content\\\/uploads\\\/2026\\\/09\\\/IMG-20260905-WA0012.jpg\",\"contentUrl\":\"https:\\\/\\\/agenda-culturel-bf.com\\\/wp-content\\\/uploads\\\/2026\\\/09\\\/IMG-20260905-WA0012.jpg\",\"width\":720,\"height\":409},{\"@type\":\"BreadcrumbList\",\"@id\":\"https:\\\/\\\/agenda-culturel-bf.com\\\/?p=1671#breadcrumb\",\"itemListElement\":[{\"@type\":\"ListItem\",\"position\":1,\"name\":\"Home\",\"item\":\"https:\\\/\\\/agenda-culturel-bf.com\\\/\"},{\"@type\":\"ListItem\",\"position\":2,\"name\":\"Burkina\\\/Musique : Nabal\u00fcm annonce un concert live in\u00e9dit pour ses 10 ans de carri\u00e8re\"}]},{\"@type\":\"WebSite\",\"@id\":\"https:\\\/\\\/agenda-culturel-bf.com\\\/#website\",\"url\":\"https:\\\/\\\/agenda-culturel-bf.com\\\/\",\"name\":\"Agenda Culturel Burkina\",\"description\":\"\",\"publisher\":{\"@id\":\"https:\\\/\\\/agenda-culturel-bf.com\\\/#organization\"},\"potentialAction\":[{\"@type\":\"SearchAction\",\"target\":{\"@type\":\"EntryPoint\",\"urlTemplate\":\"https:\\\/\\\/agenda-culturel-bf.com\\\/?s={search_term_string}\"},\"query-input\":{\"@type\":\"PropertyValueSpecification\",\"valueRequired\":true,\"valueName\":\"search_term_string\"}}],\"inLanguage\":\"fr-FR\"},{\"@type\":\"Organization\",\"@id\":\"https:\\\/\\\/agenda-culturel-bf.com\\\/#organization\",\"name\":\"Agenda Culturel Burkina\",\"url\":\"https:\\\/\\\/agenda-culturel-bf.com\\\/\",\"logo\":{\"@type\":\"ImageObject\",\"inLanguage\":\"fr-FR\",\"@id\":\"https:\\\/\\\/agenda-culturel-bf.com\\\/#\\\/schema\\\/logo\\\/image\\\/\",\"url\":\"https:\\\/\\\/agenda-culturel-bf.com\\\/wp-content\\\/uploads\\\/2026\\\/07\\\/logo1.jpg\",\"contentUrl\":\"https:\\\/\\\/agenda-culturel-bf.com\\\/wp-content\\\/uploads\\\/2026\\\/07\\\/logo1.jpg\",\"width\":250,\"height\":250,\"caption\":\"Agenda Culturel Burkina\"},\"image\":{\"@id\":\"https:\\\/\\\/agenda-culturel-bf.com\\\/#\\\/schema\\\/logo\\\/image\\\/\"}},{\"@type\":\"Person\",\"@id\":\"https:\\\/\\\/agenda-culturel-bf.com\\\/#\\\/schema\\\/person\\\/d8068eb959233041a009440fbc9b48dd\",\"name\":\"Admin\",\"image\":{\"@type\":\"ImageObject\",\"inLanguage\":\"fr-FR\",\"@id\":\"https:\\\/\\\/secure.gravatar.com\\\/avatar\\\/7b133366f3aefc58e8c220f8912fc40cee1024290a2f146b827e79e190187c2b?s=96&d=mm&r=g\",\"url\":\"https:\\\/\\\/secure.gravatar.com\\\/avatar\\\/7b133366f3aefc58e8c220f8912fc40cee1024290a2f146b827e79e190187c2b?s=96&d=mm&r=g\",\"contentUrl\":\"https:\\\/\\\/secure.gravatar.com\\\/avatar\\\/7b133366f3aefc58e8c220f8912fc40cee1024290a2f146b827e79e190187c2b?s=96&d=mm&r=g\",\"caption\":\"Admin\"},\"url\":\"https:\\\/\\\/agenda-culturel-bf.com\\\/?author=2\"}]}<\/script>\n<!-- \/ Yoast SEO plugin. -->","yoast_head_json":{"title":"Burkina\/Musique : Nabal\u00fcm annonce un concert live in\u00e9dit pour ses 10 ans de carri\u00e8re - Agenda Culturel Burkina","robots":{"index":"index","follow":"follow","max-snippet":"max-snippet:-1","max-image-preview":"max-image-preview:large","max-video-preview":"max-video-preview:-1"},"canonical":"https:\/\/agenda-culturel-bf.com\/?p=1671","og_locale":"fr_FR","og_type":"article","og_title":"Burkina\/Musique : Nabal\u00fcm annonce un concert live in\u00e9dit pour ses 10 ans de carri\u00e8re - Agenda Culturel Burkina","og_description":"L\u2019artiste burkinab\u00e8 Nabal\u00fcm c\u00e9l\u00e9brera ses dix ans de carri\u00e8re le 24 octobre 2026, \u00e0 travers un concert 100 % live...","og_url":"https:\/\/agenda-culturel-bf.com\/?p=1671","og_site_name":"Agenda Culturel Burkina","article_published_time":"2026-09-05T09:57:21+00:00","og_image":[{"width":720,"height":409,"url":"https:\/\/agenda-culturel-bf.com\/wp-content\/uploads\/2026\/09\/IMG-20260905-WA0012.jpg","type":"image\/jpeg"}],"author":"Admin","twitter_card":"summary_large_image","twitter_misc":{"\u00c9crit par":"Admin","Dur\u00e9e de lecture estim\u00e9e":"2 minutes"},"schema":{"@context":"https:\/\/schema.org","@graph":[{"@type":"Article","@id":"https:\/\/agenda-culturel-bf.com\/?p=1671#article","isPartOf":{"@id":"https:\/\/agenda-culturel-bf.com\/?p=1671"},"author":{"name":"Admin","@id":"https:\/\/agenda-culturel-bf.com\/#\/schema\/person\/d8068eb959233041a009440fbc9b48dd"},"headline":"Burkina\/Musique : Nabal\u00fcm annonce un concert live in\u00e9dit pour ses 10 ans de carri\u00e8re","datePublished":"2026-09-05T09:57:21+00:00","mainEntityOfPage":{"@id":"https:\/\/agenda-culturel-bf.com\/?p=1671"},"wordCount":242,"commentCount":0,"publisher":{"@id":"https:\/\/agenda-culturel-bf.com\/#organization"},"image":{"@id":"https:\/\/agenda-culturel-bf.com\/?p=1671#primaryimage"},"thumbnailUrl":"https:\/\/agenda-culturel-bf.com\/wp-content\/uploads\/2026\/09\/IMG-20260905-WA0012.jpg","keywords":["Karism Prod","Nabal\u00fcm"],"articleSection":["Musique"],"inLanguage":"fr-FR","potentialAction":[{"@type":"CommentAction","name":"Comment","target":["https:\/\/agenda-culturel-bf.com\/?p=1671#respond"]}]},{"@type":"WebPage","@id":"https:\/\/agenda-culturel-bf.com\/?p=1671","url":"https:\/\/agenda-culturel-bf.com\/?p=1671","name":"Burkina\/Musique : Nabal\u00fcm annonce un concert live in\u00e9dit pour ses 10 ans de carri\u00e8re - Agenda Culturel Burkina","isPartOf":{"@id":"https:\/\/agenda-culturel-bf.com\/#website"},"primaryImageOfPage":{"@id":"https:\/\/agenda-culturel-bf.com\/?p=1671#primaryimage"},"image":{"@id":"https:\/\/agenda-culturel-bf.com\/?p=1671#primaryimage"},"thumbnailUrl":"https:\/\/agenda-culturel-bf.com\/wp-content\/uploads\/2026\/09\/IMG-20260905-WA0012.jpg","datePublished":"2026-09-05T09:57:21+00:00","breadcrumb":{"@id":"https:\/\/agenda-culturel-bf.com\/?p=1671#breadcrumb"},"inLanguage":"fr-FR","potentialAction":[{"@type":"ReadAction","target":["https:\/\/agenda-culturel-bf.com\/?p=1671"]}]},{"@type":"ImageObject","inLanguage":"fr-FR","@id":"https:\/\/agenda-culturel-bf.com\/?p=1671#primaryimage","url":"https:\/\/agenda-culturel-bf.com\/wp-content\/uploads\/2026\/09\/IMG-20260905-WA0012.jpg","contentUrl":"https:\/\/agenda-culturel-bf.com\/wp-content\/uploads\/2026\/09\/IMG-20260905-WA0012.jpg","width":720,"height":409},{"@type":"BreadcrumbList","@id":"https:\/\/agenda-culturel-bf.com\/?p=1671#breadcrumb","itemListElement":[{"@type":"ListItem","position":1,"name":"Home","item":"https:\/\/agenda-culturel-bf.com\/"},{"@type":"ListItem","position":2,"name":"Burkina\/Musique : Nabal\u00fcm annonce un concert live in\u00e9dit pour ses 10 ans de carri\u00e8re"}]},{"@type":"WebSite","@id":"https:\/\/agenda-culturel-bf.com\/#website","url":"https:\/\/agenda-culturel-bf.com\/","name":"Agenda Culturel Burkina","description":"","publisher":{"@id":"https:\/\/agenda-culturel-bf.com\/#organization"},"potentialAction":[{"@type":"SearchAction","target":{"@type":"EntryPoint","urlTemplate":"https:\/\/agenda-culturel-bf.com\/?s={search_term_string}"},"query-input":{"@type":"PropertyValueSpecification","valueRequired":true,"valueName":"search_term_string"}}],"inLanguage":"fr-FR"},{"@type":"Organization","@id":"https:\/\/agenda-culturel-bf.com\/#organization","name":"Agenda Culturel Burkina","url":"https:\/\/agenda-culturel-bf.com\/","logo":{"@type":"ImageObject","inLanguage":"fr-FR","@id":"https:\/\/agenda-culturel-bf.com\/#\/schema\/logo\/image\/","url":"https:\/\/agenda-culturel-bf.com\/wp-content\/uploads\/2026\/07\/logo1.jpg","contentUrl":"https:\/\/agenda-culturel-bf.com\/wp-content\/uploads\/2026\/07\/logo1.jpg","width":250,"height":250,"caption":"Agenda Culturel Burkina"},"image":{"@id":"https:\/\/agenda-culturel-bf.com\/#\/schema\/logo\/image\/"}},{"@type":"Person","@id":"https:\/\/agenda-culturel-bf.com\/#\/schema\/person\/d8068eb959233041a009440fbc9b48dd","name":"Admin","image":{"@type":"ImageObject","inLanguage":"fr-FR","@id":"https:\/\/secure.gravatar.com\/avatar\/7b133366f3aefc58e8c220f8912fc40cee1024290a2f146b827e79e190187c2b?s=96&d=mm&r=g","url":"https:\/\/secure.gravatar.com\/avatar\/7b133366f3aefc58e8c220f8912fc40cee1024290a2f146b827e79e190187c2b?s=96&d=mm&r=g","contentUrl":"https:\/\/secure.gravatar.com\/avatar\/7b133366f3aefc58e8c220f8912fc40cee1024290a2f146b827e79e190187c2b?s=96&d=mm&r=g","caption":"Admin"},"url":"https:\/\/agenda-culturel-bf.com\/?author=2"}]}},"_links":{"self":[{"href":"https:\/\/agenda-culturel-bf.com\/index.php?rest_route=\/wp\/v2\/posts\/1671","targetHints":{"allow":["GET"]}}],"collection":[{"href":"https:\/\/agenda-culturel-bf.com\/index.php?rest_route=\/wp\/v2\/posts"}],"about":[{"href":"https:\/\/agenda-culturel-bf.com\/index.php?rest_route=\/wp\/v2\/types\/post"}],"author":[{"embeddable":true,"href":"https:\/\/agenda-culturel-bf.com\/index.php?rest_route=\/wp\/v2\/users\/2"}],"replies":[{"embeddable":true,"href":"https:\/\/agenda-culturel-bf.com\/index.php?rest_route=%2Fwp%2Fv2%2Fcomments&post=1671"}],"version-history":[{"count":1,"href":"https:\/\/agenda-culturel-bf.com\/index.php?rest_route=\/wp\/v2\/posts\/1671\/revisions"}],"predecessor-version":[{"id":1674,"href":"https:\/\/agenda-culturel-bf.com\/index.php?rest_route=\/wp\/v2\/posts\/1671\/revisions\/1674"}],"wp:featuredmedia":[{"embeddable":true,"href":"https:\/\/agenda-culturel-bf.com\/index.php?rest_route=\/wp\/v2\/media\/1673"}],"wp:attachment":[{"href":"https:\/\/agenda-culturel-bf.com\/index.php?rest_route=%2Fwp%2Fv2%2Fmedia&parent=1671"}],"wp:term":[{"taxonomy":"category","embeddable":true,"href":"https:\/\/agenda-culturel-bf.com\/index.php?rest_route=%2Fwp%2Fv2%2Fcategories&post=1671"},{"taxonomy":"post_tag","embeddable":true,"href":"https:\/\/agenda-culturel-bf.com\/index.php?rest_route=%2Fwp%2Fv2%2Ftags&post=1671"}],"curies":[{"name":"wp","href":"https:\/\/api.w.org\/{rel}","templated":true}]}}