
{"id":1632,"date":"2026-09-03T20:50:11","date_gmt":"2026-09-03T20:50:11","guid":{"rendered":"https:\/\/agenda-culturel-bf.com\/?p=1632"},"modified":"2026-09-03T20:50:11","modified_gmt":"2026-09-03T20:50:11","slug":"burkina-un-ouvrage-collectif-rend-hommage-a-quatre-enseignants-chercheurs-admis-a-la-retraite","status":"publish","type":"post","link":"https:\/\/agenda-culturel-bf.com\/?p=1632","title":{"rendered":"Burkina : Un ouvrage collectif rend hommage \u00e0 quatre enseignants-chercheurs admis \u00e0 la retraite"},"content":{"rendered":"<p>L\u2019Institut national des sciences des soci\u00e9t\u00e9s (INSS) du Centre national de la recherche scientifique et technologique (CNRST) a proc\u00e9d\u00e9, ce jeudi 3 septembre 2026, \u00e0 la pr\u00e9sentation officielle de l\u2019ouvrage collectif intitul\u00e9 \u00ab \u00c9ducation, territoire et culture en Afrique de l\u2019Ouest \u00bb. Le livre rend hommage \u00e0 quatre figures \u00e9minentes de la recherche en sciences humaines et sociales, admises \u00e0 faire valoir leurs droits \u00e0 la retraite.<\/p>\n<p>Il s\u2019agit du Dr Oger Kabor\u00e9, du Dr F\u00e9lix Compaor\u00e9, du Dr Arzouma Ouattara et du Dr B\u00e9t\u00e9o Denis N\u00e9bi\u00e9. \u00c0 travers cet ouvrage, la communaut\u00e9 scientifique entend saluer leurs longues ann\u00e9es de contribution \u00e0 la recherche, \u00e0 la formation et \u00e0 la transmission des savoirs. Leur parcours et leurs travaux ont marqu\u00e9 les domaines des sciences humaines et sociales au Burkina Faso et au-del\u00e0.<\/p>\n<p>L\u2019ouvrage est issu du colloque scientifique international organis\u00e9 par l\u2019INSS\/CNRST en d\u00e9cembre 2024 en hommage \u00e0 ces quatre chercheurs. Tenu les 19 et 20 d\u00e9cembre 2024 autour du th\u00e8me \u00ab Savoirs crois\u00e9s : litt\u00e9rature orale, territoire et \u00e9ducation en dialogue \u00bb.<\/p>\n<p>Fort de 430 pages, le document est structur\u00e9 autour de deux principaux axes qui correspondent aux domaines d\u2019int\u00e9r\u00eat scientifique des chercheurs honor\u00e9s. Le premier, consacr\u00e9 \u00e0 la \u00ab G\u00e9ographie et \u00e9ducation \u00bb, explore les liens entre territoires, syst\u00e8mes \u00e9ducatifs et dynamiques sociales. Le second, intitul\u00e9 \u00ab Linguistique et musique \u00bb, s\u2019int\u00e9resse notamment aux langues, aux expressions culturelles et aux pratiques musicales.<\/p>\n<p>Au-del\u00e0 d\u2019un simple ouvrage scientifique, \u00ab \u00c9ducation, territoire et culture en Afrique de l\u2019Ouest \u00bb se pr\u00e9sente ainsi comme un t\u00e9moignage de reconnaissance envers quatre chercheurs dont les contributions ont particip\u00e9 \u00e0 l\u2019enrichissement de la recherche et \u00e0 la formation de plusieurs g\u00e9n\u00e9rations. Cette publication constitue \u00e9galement une mani\u00e8re de pr\u00e9server et de transmettre une partie de leur h\u00e9ritage scientifique aux g\u00e9n\u00e9rations futures.<\/p>\n<p><strong>Agenda culturel Burkina<\/strong><\/p>\n","protected":false},"excerpt":{"rendered":"<p>L\u2019Institut national des sciences des soci\u00e9t\u00e9s (INSS) du Centre national de la recherche scientifique et technologique (CNRST) a proc\u00e9d\u00e9, ce&#8230;<\/p>\n","protected":false},"author":2,"featured_media":1633,"comment_status":"open","ping_status":"open","sticky":false,"template":"","format":"standard","meta":{"footnotes":""},"categories":[1],"tags":[47,75],"class_list":["post-1632","post","type-post","status-publish","format-standard","has-post-thumbnail","hentry","category-actu","tag-burkina-faso","tag-cnrst"],"yoast_head":"<!-- This site is optimized with the Yoast SEO plugin v28.4 - https:\/\/yoast.com\/product\/yoast-seo-wordpress\/ -->\n<title>Burkina : Un ouvrage collectif rend hommage \u00e0 quatre enseignants-chercheurs admis \u00e0 la retraite - Agenda Culturel Burkina<\/title>\n<meta name=\"robots\" content=\"index, follow, max-snippet:-1, max-image-preview:large, max-video-preview:-1\" \/>\n<link rel=\"canonical\" href=\"https:\/\/agenda-culturel-bf.com\/?p=1632\" \/>\n<meta property=\"og:locale\" content=\"fr_FR\" \/>\n<meta property=\"og:type\" content=\"article\" \/>\n<meta property=\"og:title\" content=\"Burkina : Un ouvrage collectif rend hommage \u00e0 quatre enseignants-chercheurs admis \u00e0 la retraite - Agenda Culturel Burkina\" \/>\n<meta property=\"og:description\" content=\"L\u2019Institut national des sciences des soci\u00e9t\u00e9s (INSS) du Centre national de la recherche scientifique et technologique (CNRST) a proc\u00e9d\u00e9, ce...\" \/>\n<meta property=\"og:url\" content=\"https:\/\/agenda-culturel-bf.com\/?p=1632\" \/>\n<meta property=\"og:site_name\" content=\"Agenda Culturel Burkina\" \/>\n<meta property=\"article:published_time\" content=\"2026-09-03T20:50:11+00:00\" \/>\n<meta property=\"og:image\" content=\"https:\/\/agenda-culturel-bf.com\/wp-content\/uploads\/2026\/09\/IMG-20260903-WA0028.jpg\" \/>\n\t<meta property=\"og:image:width\" content=\"720\" \/>\n\t<meta property=\"og:image:height\" content=\"480\" \/>\n\t<meta property=\"og:image:type\" content=\"image\/jpeg\" \/>\n<meta name=\"author\" content=\"Admin\" \/>\n<meta name=\"twitter:card\" content=\"summary_large_image\" \/>\n<meta name=\"twitter:label1\" content=\"\u00c9crit par\" \/>\n\t<meta name=\"twitter:data1\" content=\"Admin\" \/>\n\t<meta name=\"twitter:label2\" content=\"Dur\u00e9e de lecture estim\u00e9e\" \/>\n\t<meta name=\"twitter:data2\" content=\"2 minutes\" \/>\n<script type=\"application\/ld+json\" class=\"yoast-schema-graph\">{\"@context\":\"https:\\\/\\\/schema.org\",\"@graph\":[{\"@type\":\"Article\",\"@id\":\"https:\\\/\\\/agenda-culturel-bf.com\\\/?p=1632#article\",\"isPartOf\":{\"@id\":\"https:\\\/\\\/agenda-culturel-bf.com\\\/?p=1632\"},\"author\":{\"name\":\"Admin\",\"@id\":\"https:\\\/\\\/agenda-culturel-bf.com\\\/#\\\/schema\\\/person\\\/d8068eb959233041a009440fbc9b48dd\"},\"headline\":\"Burkina : Un ouvrage collectif rend hommage \u00e0 quatre enseignants-chercheurs admis \u00e0 la retraite\",\"datePublished\":\"2026-09-03T20:50:11+00:00\",\"mainEntityOfPage\":{\"@id\":\"https:\\\/\\\/agenda-culturel-bf.com\\\/?p=1632\"},\"wordCount\":322,\"commentCount\":0,\"publisher\":{\"@id\":\"https:\\\/\\\/agenda-culturel-bf.com\\\/#organization\"},\"image\":{\"@id\":\"https:\\\/\\\/agenda-culturel-bf.com\\\/?p=1632#primaryimage\"},\"thumbnailUrl\":\"https:\\\/\\\/agenda-culturel-bf.com\\\/wp-content\\\/uploads\\\/2026\\\/09\\\/IMG-20260903-WA0028.jpg\",\"keywords\":[\"Burkina Faso\",\"CNRST\"],\"articleSection\":[\"Actualit\u00e9s\"],\"inLanguage\":\"fr-FR\",\"potentialAction\":[{\"@type\":\"CommentAction\",\"name\":\"Comment\",\"target\":[\"https:\\\/\\\/agenda-culturel-bf.com\\\/?p=1632#respond\"]}]},{\"@type\":\"WebPage\",\"@id\":\"https:\\\/\\\/agenda-culturel-bf.com\\\/?p=1632\",\"url\":\"https:\\\/\\\/agenda-culturel-bf.com\\\/?p=1632\",\"name\":\"Burkina : Un ouvrage collectif rend hommage \u00e0 quatre enseignants-chercheurs admis \u00e0 la retraite - Agenda Culturel Burkina\",\"isPartOf\":{\"@id\":\"https:\\\/\\\/agenda-culturel-bf.com\\\/#website\"},\"primaryImageOfPage\":{\"@id\":\"https:\\\/\\\/agenda-culturel-bf.com\\\/?p=1632#primaryimage\"},\"image\":{\"@id\":\"https:\\\/\\\/agenda-culturel-bf.com\\\/?p=1632#primaryimage\"},\"thumbnailUrl\":\"https:\\\/\\\/agenda-culturel-bf.com\\\/wp-content\\\/uploads\\\/2026\\\/09\\\/IMG-20260903-WA0028.jpg\",\"datePublished\":\"2026-09-03T20:50:11+00:00\",\"breadcrumb\":{\"@id\":\"https:\\\/\\\/agenda-culturel-bf.com\\\/?p=1632#breadcrumb\"},\"inLanguage\":\"fr-FR\",\"potentialAction\":[{\"@type\":\"ReadAction\",\"target\":[\"https:\\\/\\\/agenda-culturel-bf.com\\\/?p=1632\"]}]},{\"@type\":\"ImageObject\",\"inLanguage\":\"fr-FR\",\"@id\":\"https:\\\/\\\/agenda-culturel-bf.com\\\/?p=1632#primaryimage\",\"url\":\"https:\\\/\\\/agenda-culturel-bf.com\\\/wp-content\\\/uploads\\\/2026\\\/09\\\/IMG-20260903-WA0028.jpg\",\"contentUrl\":\"https:\\\/\\\/agenda-culturel-bf.com\\\/wp-content\\\/uploads\\\/2026\\\/09\\\/IMG-20260903-WA0028.jpg\",\"width\":720,\"height\":480},{\"@type\":\"BreadcrumbList\",\"@id\":\"https:\\\/\\\/agenda-culturel-bf.com\\\/?p=1632#breadcrumb\",\"itemListElement\":[{\"@type\":\"ListItem\",\"position\":1,\"name\":\"Home\",\"item\":\"https:\\\/\\\/agenda-culturel-bf.com\\\/\"},{\"@type\":\"ListItem\",\"position\":2,\"name\":\"Burkina : Un ouvrage collectif rend hommage \u00e0 quatre enseignants-chercheurs admis \u00e0 la retraite\"}]},{\"@type\":\"WebSite\",\"@id\":\"https:\\\/\\\/agenda-culturel-bf.com\\\/#website\",\"url\":\"https:\\\/\\\/agenda-culturel-bf.com\\\/\",\"name\":\"Agenda Culturel Burkina\",\"description\":\"\",\"publisher\":{\"@id\":\"https:\\\/\\\/agenda-culturel-bf.com\\\/#organization\"},\"potentialAction\":[{\"@type\":\"SearchAction\",\"target\":{\"@type\":\"EntryPoint\",\"urlTemplate\":\"https:\\\/\\\/agenda-culturel-bf.com\\\/?s={search_term_string}\"},\"query-input\":{\"@type\":\"PropertyValueSpecification\",\"valueRequired\":true,\"valueName\":\"search_term_string\"}}],\"inLanguage\":\"fr-FR\"},{\"@type\":\"Organization\",\"@id\":\"https:\\\/\\\/agenda-culturel-bf.com\\\/#organization\",\"name\":\"Agenda Culturel Burkina\",\"url\":\"https:\\\/\\\/agenda-culturel-bf.com\\\/\",\"logo\":{\"@type\":\"ImageObject\",\"inLanguage\":\"fr-FR\",\"@id\":\"https:\\\/\\\/agenda-culturel-bf.com\\\/#\\\/schema\\\/logo\\\/image\\\/\",\"url\":\"https:\\\/\\\/agenda-culturel-bf.com\\\/wp-content\\\/uploads\\\/2026\\\/07\\\/logo1.jpg\",\"contentUrl\":\"https:\\\/\\\/agenda-culturel-bf.com\\\/wp-content\\\/uploads\\\/2026\\\/07\\\/logo1.jpg\",\"width\":250,\"height\":250,\"caption\":\"Agenda Culturel Burkina\"},\"image\":{\"@id\":\"https:\\\/\\\/agenda-culturel-bf.com\\\/#\\\/schema\\\/logo\\\/image\\\/\"}},{\"@type\":\"Person\",\"@id\":\"https:\\\/\\\/agenda-culturel-bf.com\\\/#\\\/schema\\\/person\\\/d8068eb959233041a009440fbc9b48dd\",\"name\":\"Admin\",\"image\":{\"@type\":\"ImageObject\",\"inLanguage\":\"fr-FR\",\"@id\":\"https:\\\/\\\/secure.gravatar.com\\\/avatar\\\/7b133366f3aefc58e8c220f8912fc40cee1024290a2f146b827e79e190187c2b?s=96&d=mm&r=g\",\"url\":\"https:\\\/\\\/secure.gravatar.com\\\/avatar\\\/7b133366f3aefc58e8c220f8912fc40cee1024290a2f146b827e79e190187c2b?s=96&d=mm&r=g\",\"contentUrl\":\"https:\\\/\\\/secure.gravatar.com\\\/avatar\\\/7b133366f3aefc58e8c220f8912fc40cee1024290a2f146b827e79e190187c2b?s=96&d=mm&r=g\",\"caption\":\"Admin\"},\"url\":\"https:\\\/\\\/agenda-culturel-bf.com\\\/?author=2\"}]}<\/script>\n<!-- \/ Yoast SEO plugin. -->","yoast_head_json":{"title":"Burkina : Un ouvrage collectif rend hommage \u00e0 quatre enseignants-chercheurs admis \u00e0 la retraite - Agenda Culturel Burkina","robots":{"index":"index","follow":"follow","max-snippet":"max-snippet:-1","max-image-preview":"max-image-preview:large","max-video-preview":"max-video-preview:-1"},"canonical":"https:\/\/agenda-culturel-bf.com\/?p=1632","og_locale":"fr_FR","og_type":"article","og_title":"Burkina : Un ouvrage collectif rend hommage \u00e0 quatre enseignants-chercheurs admis \u00e0 la retraite - Agenda Culturel Burkina","og_description":"L\u2019Institut national des sciences des soci\u00e9t\u00e9s (INSS) du Centre national de la recherche scientifique et technologique (CNRST) a proc\u00e9d\u00e9, ce...","og_url":"https:\/\/agenda-culturel-bf.com\/?p=1632","og_site_name":"Agenda Culturel Burkina","article_published_time":"2026-09-03T20:50:11+00:00","og_image":[{"width":720,"height":480,"url":"https:\/\/agenda-culturel-bf.com\/wp-content\/uploads\/2026\/09\/IMG-20260903-WA0028.jpg","type":"image\/jpeg"}],"author":"Admin","twitter_card":"summary_large_image","twitter_misc":{"\u00c9crit par":"Admin","Dur\u00e9e de lecture estim\u00e9e":"2 minutes"},"schema":{"@context":"https:\/\/schema.org","@graph":[{"@type":"Article","@id":"https:\/\/agenda-culturel-bf.com\/?p=1632#article","isPartOf":{"@id":"https:\/\/agenda-culturel-bf.com\/?p=1632"},"author":{"name":"Admin","@id":"https:\/\/agenda-culturel-bf.com\/#\/schema\/person\/d8068eb959233041a009440fbc9b48dd"},"headline":"Burkina : Un ouvrage collectif rend hommage \u00e0 quatre enseignants-chercheurs admis \u00e0 la retraite","datePublished":"2026-09-03T20:50:11+00:00","mainEntityOfPage":{"@id":"https:\/\/agenda-culturel-bf.com\/?p=1632"},"wordCount":322,"commentCount":0,"publisher":{"@id":"https:\/\/agenda-culturel-bf.com\/#organization"},"image":{"@id":"https:\/\/agenda-culturel-bf.com\/?p=1632#primaryimage"},"thumbnailUrl":"https:\/\/agenda-culturel-bf.com\/wp-content\/uploads\/2026\/09\/IMG-20260903-WA0028.jpg","keywords":["Burkina Faso","CNRST"],"articleSection":["Actualit\u00e9s"],"inLanguage":"fr-FR","potentialAction":[{"@type":"CommentAction","name":"Comment","target":["https:\/\/agenda-culturel-bf.com\/?p=1632#respond"]}]},{"@type":"WebPage","@id":"https:\/\/agenda-culturel-bf.com\/?p=1632","url":"https:\/\/agenda-culturel-bf.com\/?p=1632","name":"Burkina : Un ouvrage collectif rend hommage \u00e0 quatre enseignants-chercheurs admis \u00e0 la retraite - Agenda Culturel Burkina","isPartOf":{"@id":"https:\/\/agenda-culturel-bf.com\/#website"},"primaryImageOfPage":{"@id":"https:\/\/agenda-culturel-bf.com\/?p=1632#primaryimage"},"image":{"@id":"https:\/\/agenda-culturel-bf.com\/?p=1632#primaryimage"},"thumbnailUrl":"https:\/\/agenda-culturel-bf.com\/wp-content\/uploads\/2026\/09\/IMG-20260903-WA0028.jpg","datePublished":"2026-09-03T20:50:11+00:00","breadcrumb":{"@id":"https:\/\/agenda-culturel-bf.com\/?p=1632#breadcrumb"},"inLanguage":"fr-FR","potentialAction":[{"@type":"ReadAction","target":["https:\/\/agenda-culturel-bf.com\/?p=1632"]}]},{"@type":"ImageObject","inLanguage":"fr-FR","@id":"https:\/\/agenda-culturel-bf.com\/?p=1632#primaryimage","url":"https:\/\/agenda-culturel-bf.com\/wp-content\/uploads\/2026\/09\/IMG-20260903-WA0028.jpg","contentUrl":"https:\/\/agenda-culturel-bf.com\/wp-content\/uploads\/2026\/09\/IMG-20260903-WA0028.jpg","width":720,"height":480},{"@type":"BreadcrumbList","@id":"https:\/\/agenda-culturel-bf.com\/?p=1632#breadcrumb","itemListElement":[{"@type":"ListItem","position":1,"name":"Home","item":"https:\/\/agenda-culturel-bf.com\/"},{"@type":"ListItem","position":2,"name":"Burkina : Un ouvrage collectif rend hommage \u00e0 quatre enseignants-chercheurs admis \u00e0 la retraite"}]},{"@type":"WebSite","@id":"https:\/\/agenda-culturel-bf.com\/#website","url":"https:\/\/agenda-culturel-bf.com\/","name":"Agenda Culturel Burkina","description":"","publisher":{"@id":"https:\/\/agenda-culturel-bf.com\/#organization"},"potentialAction":[{"@type":"SearchAction","target":{"@type":"EntryPoint","urlTemplate":"https:\/\/agenda-culturel-bf.com\/?s={search_term_string}"},"query-input":{"@type":"PropertyValueSpecification","valueRequired":true,"valueName":"search_term_string"}}],"inLanguage":"fr-FR"},{"@type":"Organization","@id":"https:\/\/agenda-culturel-bf.com\/#organization","name":"Agenda Culturel Burkina","url":"https:\/\/agenda-culturel-bf.com\/","logo":{"@type":"ImageObject","inLanguage":"fr-FR","@id":"https:\/\/agenda-culturel-bf.com\/#\/schema\/logo\/image\/","url":"https:\/\/agenda-culturel-bf.com\/wp-content\/uploads\/2026\/07\/logo1.jpg","contentUrl":"https:\/\/agenda-culturel-bf.com\/wp-content\/uploads\/2026\/07\/logo1.jpg","width":250,"height":250,"caption":"Agenda Culturel Burkina"},"image":{"@id":"https:\/\/agenda-culturel-bf.com\/#\/schema\/logo\/image\/"}},{"@type":"Person","@id":"https:\/\/agenda-culturel-bf.com\/#\/schema\/person\/d8068eb959233041a009440fbc9b48dd","name":"Admin","image":{"@type":"ImageObject","inLanguage":"fr-FR","@id":"https:\/\/secure.gravatar.com\/avatar\/7b133366f3aefc58e8c220f8912fc40cee1024290a2f146b827e79e190187c2b?s=96&d=mm&r=g","url":"https:\/\/secure.gravatar.com\/avatar\/7b133366f3aefc58e8c220f8912fc40cee1024290a2f146b827e79e190187c2b?s=96&d=mm&r=g","contentUrl":"https:\/\/secure.gravatar.com\/avatar\/7b133366f3aefc58e8c220f8912fc40cee1024290a2f146b827e79e190187c2b?s=96&d=mm&r=g","caption":"Admin"},"url":"https:\/\/agenda-culturel-bf.com\/?author=2"}]}},"_links":{"self":[{"href":"https:\/\/agenda-culturel-bf.com\/index.php?rest_route=\/wp\/v2\/posts\/1632","targetHints":{"allow":["GET"]}}],"collection":[{"href":"https:\/\/agenda-culturel-bf.com\/index.php?rest_route=\/wp\/v2\/posts"}],"about":[{"href":"https:\/\/agenda-culturel-bf.com\/index.php?rest_route=\/wp\/v2\/types\/post"}],"author":[{"embeddable":true,"href":"https:\/\/agenda-culturel-bf.com\/index.php?rest_route=\/wp\/v2\/users\/2"}],"replies":[{"embeddable":true,"href":"https:\/\/agenda-culturel-bf.com\/index.php?rest_route=%2Fwp%2Fv2%2Fcomments&post=1632"}],"version-history":[{"count":1,"href":"https:\/\/agenda-culturel-bf.com\/index.php?rest_route=\/wp\/v2\/posts\/1632\/revisions"}],"predecessor-version":[{"id":1634,"href":"https:\/\/agenda-culturel-bf.com\/index.php?rest_route=\/wp\/v2\/posts\/1632\/revisions\/1634"}],"wp:featuredmedia":[{"embeddable":true,"href":"https:\/\/agenda-culturel-bf.com\/index.php?rest_route=\/wp\/v2\/media\/1633"}],"wp:attachment":[{"href":"https:\/\/agenda-culturel-bf.com\/index.php?rest_route=%2Fwp%2Fv2%2Fmedia&parent=1632"}],"wp:term":[{"taxonomy":"category","embeddable":true,"href":"https:\/\/agenda-culturel-bf.com\/index.php?rest_route=%2Fwp%2Fv2%2Fcategories&post=1632"},{"taxonomy":"post_tag","embeddable":true,"href":"https:\/\/agenda-culturel-bf.com\/index.php?rest_route=%2Fwp%2Fv2%2Ftags&post=1632"}],"curies":[{"name":"wp","href":"https:\/\/api.w.org\/{rel}","templated":true}]}}