
{"id":1603,"date":"2026-09-01T15:40:34","date_gmt":"2026-09-01T15:40:34","guid":{"rendered":"https:\/\/agenda-culturel-bf.com\/?p=1603"},"modified":"2026-09-01T15:40:34","modified_gmt":"2026-09-01T15:40:34","slug":"ouagadougou-la-musique-au-service-de-la-protection-de-lenvironnement","status":"publish","type":"post","link":"https:\/\/agenda-culturel-bf.com\/?p=1603","title":{"rendered":"Ouagadougou : la musique au service de la protection de l\u2019environnement"},"content":{"rendered":"<p>La 7\u1d49 \u00e9dition du Carrefour de la musique verte s\u2019est tenue \u00e0 Ouagadougou le 29 ao\u00fbt 2026 avec pour objectif de sensibiliser les populations \u00e0 la protection de l\u2019environnement et au changement social.<\/p>\n<p>Plusieurs artistes et acteurs culturels engag\u00e9s pour la cause environnementale ont pris part \u00e0 l\u2019activit\u00e9.<br \/>\nSelon le pr\u00e9sident du comit\u00e9 d\u2019organisation, Boureima Zoundi, l\u2019initiative vise \u00e0 \u00abpromouvoir les comportements responsables pour notre cadre de vie, notre environnement, afin d\u2019augmenter la qualit\u00e9 de la vie et promouvoir la musique pour l\u2019environnement \u00bb.<\/p>\n<p>Parmi les artistes engag\u00e9s, Kas le Cerveau a remport\u00e9 le troph\u00e9e du grand prix \u00ab\u00a0Ambassadeur de la musique verte\u00a0\u00bb, r\u00e9compensant son engagement en faveur de l\u2019environnement \u00e0 travers sa musique.<\/p>\n<p>Pr\u00e9sent \u00e0 la c\u00e9r\u00e9monie, Moussa Dicko, repr\u00e9sentant du ministre en charge de la Culture, a salu\u00e9 l\u2019initiative. \u00ab L\u2019environnement est important pour nous. Sans environnement, la vie humaine serait tr\u00e8s compliqu\u00e9e \u00bb, a-t-il d\u00e9clar\u00e9, soulignant la n\u00e9cessit\u00e9 pour le minist\u00e8re d\u2019accompagner les actions qui utilisent la culture comme outil de sensibilisation environnementale.<\/p>\n<figure id=\"attachment_1604\" aria-describedby=\"caption-attachment-1604\" style=\"width: 300px\" class=\"wp-caption aligncenter\"><img class=\"wp-image-1604 size-medium\"  alt=\"\" width=\"300\" height=\"128\" \/ loading=\"eager\" fetchpriority=\"high\" decoding=\"async\" src=\"https:\/\/agenda-culturel-bf.com\/wp-content\/uploads\/2026\/09\/IMG-20260901-WA0028-300x128.jpg\" srcset=\"https:\/\/agenda-culturel-bf.com\/wp-content\/uploads\/2026\/09\/IMG-20260901-WA0028-300x128.jpg 300w, https:\/\/agenda-culturel-bf.com\/wp-content\/uploads\/2026\/09\/IMG-20260901-WA0028.jpg 665w\" sizes=\"(max-width: 300px) 100vw, 300px\" \/><figcaption id=\"caption-attachment-1604\" class=\"wp-caption-text\"><em>Moussa Dicko, repr\u00e9sentant le Ministre en charge de la Culture <\/em><\/figcaption><\/figure>\n<p>Cette 7\u1d49 \u00e9dition confirme ainsi le r\u00f4le de la musique et de la culture dans la promotion de comportements plus responsables et la protection de l\u2019environnement.<\/p>\n<p><strong>Abasse ZONGO <\/strong><br \/>\n<strong>Agenda culturel Burkina<\/strong><\/p>\n","protected":false},"excerpt":{"rendered":"<p>La 7\u1d49 \u00e9dition du Carrefour de la musique verte s\u2019est tenue \u00e0 Ouagadougou le 29 ao\u00fbt 2026 avec pour objectif&#8230;<\/p>\n","protected":false},"author":2,"featured_media":1605,"comment_status":"open","ping_status":"open","sticky":false,"template":"","format":"standard","meta":{"footnotes":""},"categories":[35],"tags":[47],"class_list":["post-1603","post","type-post","status-publish","format-standard","has-post-thumbnail","hentry","category-musique","tag-burkina-faso"],"yoast_head":"<!-- This site is optimized with the Yoast SEO plugin v28.4 - https:\/\/yoast.com\/product\/yoast-seo-wordpress\/ -->\n<title>Ouagadougou : la musique au service de la protection de l\u2019environnement - Agenda Culturel Burkina<\/title>\n<meta name=\"robots\" content=\"index, follow, max-snippet:-1, max-image-preview:large, max-video-preview:-1\" \/>\n<link rel=\"canonical\" href=\"https:\/\/agenda-culturel-bf.com\/?p=1603\" \/>\n<meta property=\"og:locale\" content=\"fr_FR\" \/>\n<meta property=\"og:type\" content=\"article\" \/>\n<meta property=\"og:title\" content=\"Ouagadougou : la musique au service de la protection de l\u2019environnement - Agenda Culturel Burkina\" \/>\n<meta property=\"og:description\" content=\"La 7\u1d49 \u00e9dition du Carrefour de la musique verte s\u2019est tenue \u00e0 Ouagadougou le 29 ao\u00fbt 2026 avec pour objectif...\" \/>\n<meta property=\"og:url\" content=\"https:\/\/agenda-culturel-bf.com\/?p=1603\" \/>\n<meta property=\"og:site_name\" content=\"Agenda Culturel Burkina\" \/>\n<meta property=\"article:published_time\" content=\"2026-09-01T15:40:34+00:00\" \/>\n<meta property=\"og:image\" content=\"https:\/\/agenda-culturel-bf.com\/wp-content\/uploads\/2026\/09\/IMG-20260901-WA0027.jpg\" \/>\n\t<meta property=\"og:image:width\" content=\"552\" \/>\n\t<meta property=\"og:image:height\" content=\"345\" \/>\n\t<meta property=\"og:image:type\" content=\"image\/jpeg\" \/>\n<meta name=\"author\" content=\"Admin\" \/>\n<meta name=\"twitter:card\" content=\"summary_large_image\" \/>\n<meta name=\"twitter:label1\" content=\"\u00c9crit par\" \/>\n\t<meta name=\"twitter:data1\" content=\"Admin\" \/>\n\t<meta name=\"twitter:label2\" content=\"Dur\u00e9e de lecture estim\u00e9e\" \/>\n\t<meta name=\"twitter:data2\" content=\"2 minutes\" \/>\n<script type=\"application\/ld+json\" class=\"yoast-schema-graph\">{\"@context\":\"https:\\\/\\\/schema.org\",\"@graph\":[{\"@type\":\"Article\",\"@id\":\"https:\\\/\\\/agenda-culturel-bf.com\\\/?p=1603#article\",\"isPartOf\":{\"@id\":\"https:\\\/\\\/agenda-culturel-bf.com\\\/?p=1603\"},\"author\":{\"name\":\"Admin\",\"@id\":\"https:\\\/\\\/agenda-culturel-bf.com\\\/#\\\/schema\\\/person\\\/d8068eb959233041a009440fbc9b48dd\"},\"headline\":\"Ouagadougou : la musique au service de la protection de l\u2019environnement\",\"datePublished\":\"2026-09-01T15:40:34+00:00\",\"mainEntityOfPage\":{\"@id\":\"https:\\\/\\\/agenda-culturel-bf.com\\\/?p=1603\"},\"wordCount\":241,\"commentCount\":0,\"publisher\":{\"@id\":\"https:\\\/\\\/agenda-culturel-bf.com\\\/#organization\"},\"image\":{\"@id\":\"https:\\\/\\\/agenda-culturel-bf.com\\\/?p=1603#primaryimage\"},\"thumbnailUrl\":\"https:\\\/\\\/agenda-culturel-bf.com\\\/wp-content\\\/uploads\\\/2026\\\/09\\\/IMG-20260901-WA0027.jpg\",\"keywords\":[\"Burkina Faso\"],\"articleSection\":[\"Musique\"],\"inLanguage\":\"fr-FR\",\"potentialAction\":[{\"@type\":\"CommentAction\",\"name\":\"Comment\",\"target\":[\"https:\\\/\\\/agenda-culturel-bf.com\\\/?p=1603#respond\"]}]},{\"@type\":\"WebPage\",\"@id\":\"https:\\\/\\\/agenda-culturel-bf.com\\\/?p=1603\",\"url\":\"https:\\\/\\\/agenda-culturel-bf.com\\\/?p=1603\",\"name\":\"Ouagadougou : la musique au service de la protection de l\u2019environnement - Agenda Culturel Burkina\",\"isPartOf\":{\"@id\":\"https:\\\/\\\/agenda-culturel-bf.com\\\/#website\"},\"primaryImageOfPage\":{\"@id\":\"https:\\\/\\\/agenda-culturel-bf.com\\\/?p=1603#primaryimage\"},\"image\":{\"@id\":\"https:\\\/\\\/agenda-culturel-bf.com\\\/?p=1603#primaryimage\"},\"thumbnailUrl\":\"https:\\\/\\\/agenda-culturel-bf.com\\\/wp-content\\\/uploads\\\/2026\\\/09\\\/IMG-20260901-WA0027.jpg\",\"datePublished\":\"2026-09-01T15:40:34+00:00\",\"breadcrumb\":{\"@id\":\"https:\\\/\\\/agenda-culturel-bf.com\\\/?p=1603#breadcrumb\"},\"inLanguage\":\"fr-FR\",\"potentialAction\":[{\"@type\":\"ReadAction\",\"target\":[\"https:\\\/\\\/agenda-culturel-bf.com\\\/?p=1603\"]}]},{\"@type\":\"ImageObject\",\"inLanguage\":\"fr-FR\",\"@id\":\"https:\\\/\\\/agenda-culturel-bf.com\\\/?p=1603#primaryimage\",\"url\":\"https:\\\/\\\/agenda-culturel-bf.com\\\/wp-content\\\/uploads\\\/2026\\\/09\\\/IMG-20260901-WA0027.jpg\",\"contentUrl\":\"https:\\\/\\\/agenda-culturel-bf.com\\\/wp-content\\\/uploads\\\/2026\\\/09\\\/IMG-20260901-WA0027.jpg\",\"width\":552,\"height\":345},{\"@type\":\"BreadcrumbList\",\"@id\":\"https:\\\/\\\/agenda-culturel-bf.com\\\/?p=1603#breadcrumb\",\"itemListElement\":[{\"@type\":\"ListItem\",\"position\":1,\"name\":\"Home\",\"item\":\"https:\\\/\\\/agenda-culturel-bf.com\\\/\"},{\"@type\":\"ListItem\",\"position\":2,\"name\":\"Ouagadougou : la musique au service de la protection de l\u2019environnement\"}]},{\"@type\":\"WebSite\",\"@id\":\"https:\\\/\\\/agenda-culturel-bf.com\\\/#website\",\"url\":\"https:\\\/\\\/agenda-culturel-bf.com\\\/\",\"name\":\"Agenda Culturel Burkina\",\"description\":\"\",\"publisher\":{\"@id\":\"https:\\\/\\\/agenda-culturel-bf.com\\\/#organization\"},\"potentialAction\":[{\"@type\":\"SearchAction\",\"target\":{\"@type\":\"EntryPoint\",\"urlTemplate\":\"https:\\\/\\\/agenda-culturel-bf.com\\\/?s={search_term_string}\"},\"query-input\":{\"@type\":\"PropertyValueSpecification\",\"valueRequired\":true,\"valueName\":\"search_term_string\"}}],\"inLanguage\":\"fr-FR\"},{\"@type\":\"Organization\",\"@id\":\"https:\\\/\\\/agenda-culturel-bf.com\\\/#organization\",\"name\":\"Agenda Culturel Burkina\",\"url\":\"https:\\\/\\\/agenda-culturel-bf.com\\\/\",\"logo\":{\"@type\":\"ImageObject\",\"inLanguage\":\"fr-FR\",\"@id\":\"https:\\\/\\\/agenda-culturel-bf.com\\\/#\\\/schema\\\/logo\\\/image\\\/\",\"url\":\"https:\\\/\\\/agenda-culturel-bf.com\\\/wp-content\\\/uploads\\\/2026\\\/07\\\/logo1.jpg\",\"contentUrl\":\"https:\\\/\\\/agenda-culturel-bf.com\\\/wp-content\\\/uploads\\\/2026\\\/07\\\/logo1.jpg\",\"width\":250,\"height\":250,\"caption\":\"Agenda Culturel Burkina\"},\"image\":{\"@id\":\"https:\\\/\\\/agenda-culturel-bf.com\\\/#\\\/schema\\\/logo\\\/image\\\/\"}},{\"@type\":\"Person\",\"@id\":\"https:\\\/\\\/agenda-culturel-bf.com\\\/#\\\/schema\\\/person\\\/d8068eb959233041a009440fbc9b48dd\",\"name\":\"Admin\",\"image\":{\"@type\":\"ImageObject\",\"inLanguage\":\"fr-FR\",\"@id\":\"https:\\\/\\\/secure.gravatar.com\\\/avatar\\\/7b133366f3aefc58e8c220f8912fc40cee1024290a2f146b827e79e190187c2b?s=96&d=mm&r=g\",\"url\":\"https:\\\/\\\/secure.gravatar.com\\\/avatar\\\/7b133366f3aefc58e8c220f8912fc40cee1024290a2f146b827e79e190187c2b?s=96&d=mm&r=g\",\"contentUrl\":\"https:\\\/\\\/secure.gravatar.com\\\/avatar\\\/7b133366f3aefc58e8c220f8912fc40cee1024290a2f146b827e79e190187c2b?s=96&d=mm&r=g\",\"caption\":\"Admin\"},\"url\":\"https:\\\/\\\/agenda-culturel-bf.com\\\/?author=2\"}]}<\/script>\n<!-- \/ Yoast SEO plugin. -->","yoast_head_json":{"title":"Ouagadougou : la musique au service de la protection de l\u2019environnement - Agenda Culturel Burkina","robots":{"index":"index","follow":"follow","max-snippet":"max-snippet:-1","max-image-preview":"max-image-preview:large","max-video-preview":"max-video-preview:-1"},"canonical":"https:\/\/agenda-culturel-bf.com\/?p=1603","og_locale":"fr_FR","og_type":"article","og_title":"Ouagadougou : la musique au service de la protection de l\u2019environnement - Agenda Culturel Burkina","og_description":"La 7\u1d49 \u00e9dition du Carrefour de la musique verte s\u2019est tenue \u00e0 Ouagadougou le 29 ao\u00fbt 2026 avec pour objectif...","og_url":"https:\/\/agenda-culturel-bf.com\/?p=1603","og_site_name":"Agenda Culturel Burkina","article_published_time":"2026-09-01T15:40:34+00:00","og_image":[{"width":552,"height":345,"url":"https:\/\/agenda-culturel-bf.com\/wp-content\/uploads\/2026\/09\/IMG-20260901-WA0027.jpg","type":"image\/jpeg"}],"author":"Admin","twitter_card":"summary_large_image","twitter_misc":{"\u00c9crit par":"Admin","Dur\u00e9e de lecture estim\u00e9e":"2 minutes"},"schema":{"@context":"https:\/\/schema.org","@graph":[{"@type":"Article","@id":"https:\/\/agenda-culturel-bf.com\/?p=1603#article","isPartOf":{"@id":"https:\/\/agenda-culturel-bf.com\/?p=1603"},"author":{"name":"Admin","@id":"https:\/\/agenda-culturel-bf.com\/#\/schema\/person\/d8068eb959233041a009440fbc9b48dd"},"headline":"Ouagadougou : la musique au service de la protection de l\u2019environnement","datePublished":"2026-09-01T15:40:34+00:00","mainEntityOfPage":{"@id":"https:\/\/agenda-culturel-bf.com\/?p=1603"},"wordCount":241,"commentCount":0,"publisher":{"@id":"https:\/\/agenda-culturel-bf.com\/#organization"},"image":{"@id":"https:\/\/agenda-culturel-bf.com\/?p=1603#primaryimage"},"thumbnailUrl":"https:\/\/agenda-culturel-bf.com\/wp-content\/uploads\/2026\/09\/IMG-20260901-WA0027.jpg","keywords":["Burkina Faso"],"articleSection":["Musique"],"inLanguage":"fr-FR","potentialAction":[{"@type":"CommentAction","name":"Comment","target":["https:\/\/agenda-culturel-bf.com\/?p=1603#respond"]}]},{"@type":"WebPage","@id":"https:\/\/agenda-culturel-bf.com\/?p=1603","url":"https:\/\/agenda-culturel-bf.com\/?p=1603","name":"Ouagadougou : la musique au service de la protection de l\u2019environnement - Agenda Culturel Burkina","isPartOf":{"@id":"https:\/\/agenda-culturel-bf.com\/#website"},"primaryImageOfPage":{"@id":"https:\/\/agenda-culturel-bf.com\/?p=1603#primaryimage"},"image":{"@id":"https:\/\/agenda-culturel-bf.com\/?p=1603#primaryimage"},"thumbnailUrl":"https:\/\/agenda-culturel-bf.com\/wp-content\/uploads\/2026\/09\/IMG-20260901-WA0027.jpg","datePublished":"2026-09-01T15:40:34+00:00","breadcrumb":{"@id":"https:\/\/agenda-culturel-bf.com\/?p=1603#breadcrumb"},"inLanguage":"fr-FR","potentialAction":[{"@type":"ReadAction","target":["https:\/\/agenda-culturel-bf.com\/?p=1603"]}]},{"@type":"ImageObject","inLanguage":"fr-FR","@id":"https:\/\/agenda-culturel-bf.com\/?p=1603#primaryimage","url":"https:\/\/agenda-culturel-bf.com\/wp-content\/uploads\/2026\/09\/IMG-20260901-WA0027.jpg","contentUrl":"https:\/\/agenda-culturel-bf.com\/wp-content\/uploads\/2026\/09\/IMG-20260901-WA0027.jpg","width":552,"height":345},{"@type":"BreadcrumbList","@id":"https:\/\/agenda-culturel-bf.com\/?p=1603#breadcrumb","itemListElement":[{"@type":"ListItem","position":1,"name":"Home","item":"https:\/\/agenda-culturel-bf.com\/"},{"@type":"ListItem","position":2,"name":"Ouagadougou : la musique au service de la protection de l\u2019environnement"}]},{"@type":"WebSite","@id":"https:\/\/agenda-culturel-bf.com\/#website","url":"https:\/\/agenda-culturel-bf.com\/","name":"Agenda Culturel Burkina","description":"","publisher":{"@id":"https:\/\/agenda-culturel-bf.com\/#organization"},"potentialAction":[{"@type":"SearchAction","target":{"@type":"EntryPoint","urlTemplate":"https:\/\/agenda-culturel-bf.com\/?s={search_term_string}"},"query-input":{"@type":"PropertyValueSpecification","valueRequired":true,"valueName":"search_term_string"}}],"inLanguage":"fr-FR"},{"@type":"Organization","@id":"https:\/\/agenda-culturel-bf.com\/#organization","name":"Agenda Culturel Burkina","url":"https:\/\/agenda-culturel-bf.com\/","logo":{"@type":"ImageObject","inLanguage":"fr-FR","@id":"https:\/\/agenda-culturel-bf.com\/#\/schema\/logo\/image\/","url":"https:\/\/agenda-culturel-bf.com\/wp-content\/uploads\/2026\/07\/logo1.jpg","contentUrl":"https:\/\/agenda-culturel-bf.com\/wp-content\/uploads\/2026\/07\/logo1.jpg","width":250,"height":250,"caption":"Agenda Culturel Burkina"},"image":{"@id":"https:\/\/agenda-culturel-bf.com\/#\/schema\/logo\/image\/"}},{"@type":"Person","@id":"https:\/\/agenda-culturel-bf.com\/#\/schema\/person\/d8068eb959233041a009440fbc9b48dd","name":"Admin","image":{"@type":"ImageObject","inLanguage":"fr-FR","@id":"https:\/\/secure.gravatar.com\/avatar\/7b133366f3aefc58e8c220f8912fc40cee1024290a2f146b827e79e190187c2b?s=96&d=mm&r=g","url":"https:\/\/secure.gravatar.com\/avatar\/7b133366f3aefc58e8c220f8912fc40cee1024290a2f146b827e79e190187c2b?s=96&d=mm&r=g","contentUrl":"https:\/\/secure.gravatar.com\/avatar\/7b133366f3aefc58e8c220f8912fc40cee1024290a2f146b827e79e190187c2b?s=96&d=mm&r=g","caption":"Admin"},"url":"https:\/\/agenda-culturel-bf.com\/?author=2"}]}},"_links":{"self":[{"href":"https:\/\/agenda-culturel-bf.com\/index.php?rest_route=\/wp\/v2\/posts\/1603","targetHints":{"allow":["GET"]}}],"collection":[{"href":"https:\/\/agenda-culturel-bf.com\/index.php?rest_route=\/wp\/v2\/posts"}],"about":[{"href":"https:\/\/agenda-culturel-bf.com\/index.php?rest_route=\/wp\/v2\/types\/post"}],"author":[{"embeddable":true,"href":"https:\/\/agenda-culturel-bf.com\/index.php?rest_route=\/wp\/v2\/users\/2"}],"replies":[{"embeddable":true,"href":"https:\/\/agenda-culturel-bf.com\/index.php?rest_route=%2Fwp%2Fv2%2Fcomments&post=1603"}],"version-history":[{"count":1,"href":"https:\/\/agenda-culturel-bf.com\/index.php?rest_route=\/wp\/v2\/posts\/1603\/revisions"}],"predecessor-version":[{"id":1606,"href":"https:\/\/agenda-culturel-bf.com\/index.php?rest_route=\/wp\/v2\/posts\/1603\/revisions\/1606"}],"wp:featuredmedia":[{"embeddable":true,"href":"https:\/\/agenda-culturel-bf.com\/index.php?rest_route=\/wp\/v2\/media\/1605"}],"wp:attachment":[{"href":"https:\/\/agenda-culturel-bf.com\/index.php?rest_route=%2Fwp%2Fv2%2Fmedia&parent=1603"}],"wp:term":[{"taxonomy":"category","embeddable":true,"href":"https:\/\/agenda-culturel-bf.com\/index.php?rest_route=%2Fwp%2Fv2%2Fcategories&post=1603"},{"taxonomy":"post_tag","embeddable":true,"href":"https:\/\/agenda-culturel-bf.com\/index.php?rest_route=%2Fwp%2Fv2%2Ftags&post=1603"}],"curies":[{"name":"wp","href":"https:\/\/api.w.org\/{rel}","templated":true}]}}