
{"id":1585,"date":"2026-09-01T09:51:15","date_gmt":"2026-09-01T09:51:15","guid":{"rendered":"https:\/\/agenda-culturel-bf.com\/?p=1585"},"modified":"2026-09-01T09:53:29","modified_gmt":"2026-09-01T09:53:29","slug":"culture-le-theatre-au-service-de-la-societe-le-cheval-de-bataille-de-lassociation-sylvie-chalaye","status":"publish","type":"post","link":"https:\/\/agenda-culturel-bf.com\/?p=1585","title":{"rendered":"Culture : Le th\u00e9\u00e2tre au service de la soci\u00e9t\u00e9, le cheval de bataille de l&rsquo;Association Sylvie Chalaye"},"content":{"rendered":"<p>Au Burkina Faso, l\u2019Association Culturelle Sylvie Chalaye s\u2019impose progressivement comme un acteur engag\u00e9 dans la promotion du th\u00e9\u00e2tre et des arts. \u00c0 travers ses diff\u00e9rentes initiatives, la structure entend rapprocher la cr\u00e9ation artistique des populations et faire de la culture un espace de dialogue, d\u2019\u00e9ducation et de coh\u00e9sion sociale.<\/p>\n<p>Parmi ses principales initiatives figure le Festival International du Th\u00e9\u00e2tre Populaire de Ouagadougou (FITPO). La deuxi\u00e8me \u00e9dition de ce festival s\u2019est tenue du 7 au 10 mai 2026 \u00e0 Komsilga, sous le th\u00e8me \u00ab Tracer le chemin \u00bb. Spectacles de th\u00e9\u00e2tre, prestations artistiques, parades, conf\u00e9rences publiques, rues marchandes et actions citoyennes ont rythm\u00e9 cette \u00e9dition.<\/p>\n<p>Pour le premier responsable, Dr Pingdewinde Issiaka TIENDREBEOGO, par ailleurs Ma\u00eetre de Conf\u00e9rences en \u00e9tudes th\u00e9\u00e2trales \u00e0 l\u2019Universit\u00e9 Joseph Ki-Zerbo : \u00ab le FITPO vise \u00e0 cr\u00e9er un espace o\u00f9 le th\u00e9\u00e2tre rencontre les populations et devient un outil de dialogue et de transformation sociale. \u00bb<br \/>\nL\u2019association accorde \u00e9galement une place importante \u00e0 la r\u00e9flexion et \u00e0 la formation dans le domaine culturel. Ses \u00ab Universit\u00e9s d\u2019\u00e9t\u00e9 \u00bb constituent l\u2019une de ses activit\u00e9s majeures. En 2025, la 8e \u00e9dition avait port\u00e9 sur le th\u00e8me : \u00ab Th\u00e9\u00e2tre et identit\u00e9s culturelles \u00bb et avait analyser l\u2019apport du th\u00e9\u00e2tre sur la revalorisation de nos identit\u00e9s culturelles. De riches \u00e9changes entre chercheurs, \u00e9tudiants et acteurs culturels avaient ponctues cette activit\u00e9 d\u2019envergure nationale.<\/p>\n<figure id=\"attachment_1586\" aria-describedby=\"caption-attachment-1586\" style=\"width: 300px\" class=\"wp-caption aligncenter\"><img class=\"size-medium wp-image-1586\"  alt=\"\" width=\"300\" height=\"284\" \/ loading=\"eager\" fetchpriority=\"high\" decoding=\"async\" src=\"https:\/\/agenda-culturel-bf.com\/wp-content\/uploads\/2026\/09\/IMG-20260901-WA0008-300x284.jpg\" srcset=\"https:\/\/agenda-culturel-bf.com\/wp-content\/uploads\/2026\/09\/IMG-20260901-WA0008-300x284.jpg 300w, https:\/\/agenda-culturel-bf.com\/wp-content\/uploads\/2026\/09\/IMG-20260901-WA0008.jpg 657w\" sizes=\"(max-width: 300px) 100vw, 300px\" \/><figcaption id=\"caption-attachment-1586\" class=\"wp-caption-text\"><em>Le directeur ex\u00e9cutif de l&rsquo;Association Sylvie Chalaye, Dr Pingdwend\u00e9 Issiaka Tiendrebeogo tenant un prix qu&rsquo;il re\u00e7u et un de ses ouvrages\u00a0<\/em><\/figcaption><\/figure>\n<p>L\u2019association poursuit ainsi sa d\u00e9marche visant \u00e0 interroger le r\u00f4le de la culture dans les probl\u00e9matiques de soci\u00e9tales.<br \/>\n\u00c0 travers le th\u00e9\u00e2tre, la formation et les espaces de r\u00e9flexion, l\u2019Association culturelle Sylvie Chalaye d\u00e9fend ainsi une vision de la culture qui d\u00e9passe le simple divertissement. A travers ses initiatives ils cherchent \u00e0 donner davantage de la place aux arts dans le dialogue social et \u00e0 contribuer, \u00e0 leur mani\u00e8re, au renforcement du vivre-ensemble au Burkina Faso.<\/p>\n<p><strong>Adama KAFANDO<\/strong><br \/>\n<strong>Agenda culturel Burkina<\/strong><\/p>\n","protected":false},"excerpt":{"rendered":"<p>Au Burkina Faso, l\u2019Association Culturelle Sylvie Chalaye s\u2019impose progressivement comme un acteur engag\u00e9 dans la promotion du th\u00e9\u00e2tre et des&#8230;<\/p>\n","protected":false},"author":2,"featured_media":1587,"comment_status":"open","ping_status":"open","sticky":false,"template":"","format":"standard","meta":{"footnotes":""},"categories":[39],"tags":[69],"class_list":["post-1585","post","type-post","status-publish","format-standard","has-post-thumbnail","hentry","category-association-sylvie-chalaye","tag-association-culturelle-sylvie-chalaye"],"yoast_head":"<!-- This site is optimized with the Yoast SEO plugin v28.4 - https:\/\/yoast.com\/product\/yoast-seo-wordpress\/ -->\n<title>Culture : Le th\u00e9\u00e2tre au service de la soci\u00e9t\u00e9, le cheval de bataille de l&#039;Association Sylvie Chalaye - Agenda Culturel Burkina<\/title>\n<meta name=\"robots\" content=\"index, follow, max-snippet:-1, max-image-preview:large, max-video-preview:-1\" \/>\n<link rel=\"canonical\" href=\"https:\/\/agenda-culturel-bf.com\/?p=1585\" \/>\n<meta property=\"og:locale\" content=\"fr_FR\" \/>\n<meta property=\"og:type\" content=\"article\" \/>\n<meta property=\"og:title\" content=\"Culture : Le th\u00e9\u00e2tre au service de la soci\u00e9t\u00e9, le cheval de bataille de l&#039;Association Sylvie Chalaye - Agenda Culturel Burkina\" \/>\n<meta property=\"og:description\" content=\"Au Burkina Faso, l\u2019Association Culturelle Sylvie Chalaye s\u2019impose progressivement comme un acteur engag\u00e9 dans la promotion du th\u00e9\u00e2tre et des...\" \/>\n<meta property=\"og:url\" content=\"https:\/\/agenda-culturel-bf.com\/?p=1585\" \/>\n<meta property=\"og:site_name\" content=\"Agenda Culturel Burkina\" \/>\n<meta property=\"article:published_time\" content=\"2026-09-01T09:51:15+00:00\" \/>\n<meta property=\"article:modified_time\" content=\"2026-09-01T09:53:29+00:00\" \/>\n<meta property=\"og:image\" content=\"https:\/\/agenda-culturel-bf.com\/wp-content\/uploads\/2026\/09\/IMG-20260901-WA0011.jpg\" \/>\n\t<meta property=\"og:image:width\" content=\"715\" \/>\n\t<meta property=\"og:image:height\" content=\"716\" \/>\n\t<meta property=\"og:image:type\" content=\"image\/jpeg\" \/>\n<meta name=\"author\" content=\"Admin\" \/>\n<meta name=\"twitter:card\" content=\"summary_large_image\" \/>\n<meta name=\"twitter:label1\" content=\"\u00c9crit par\" \/>\n\t<meta name=\"twitter:data1\" content=\"Admin\" \/>\n\t<meta name=\"twitter:label2\" content=\"Dur\u00e9e de lecture estim\u00e9e\" \/>\n\t<meta name=\"twitter:data2\" content=\"3 minutes\" \/>\n<script type=\"application\/ld+json\" class=\"yoast-schema-graph\">{\"@context\":\"https:\\\/\\\/schema.org\",\"@graph\":[{\"@type\":\"Article\",\"@id\":\"https:\\\/\\\/agenda-culturel-bf.com\\\/?p=1585#article\",\"isPartOf\":{\"@id\":\"https:\\\/\\\/agenda-culturel-bf.com\\\/?p=1585\"},\"author\":{\"name\":\"Admin\",\"@id\":\"https:\\\/\\\/agenda-culturel-bf.com\\\/#\\\/schema\\\/person\\\/d8068eb959233041a009440fbc9b48dd\"},\"headline\":\"Culture : Le th\u00e9\u00e2tre au service de la soci\u00e9t\u00e9, le cheval de bataille de l&rsquo;Association Sylvie Chalaye\",\"datePublished\":\"2026-09-01T09:51:15+00:00\",\"dateModified\":\"2026-09-01T09:53:29+00:00\",\"mainEntityOfPage\":{\"@id\":\"https:\\\/\\\/agenda-culturel-bf.com\\\/?p=1585\"},\"wordCount\":373,\"commentCount\":0,\"publisher\":{\"@id\":\"https:\\\/\\\/agenda-culturel-bf.com\\\/#organization\"},\"image\":{\"@id\":\"https:\\\/\\\/agenda-culturel-bf.com\\\/?p=1585#primaryimage\"},\"thumbnailUrl\":\"https:\\\/\\\/agenda-culturel-bf.com\\\/wp-content\\\/uploads\\\/2026\\\/09\\\/IMG-20260901-WA0011.jpg\",\"keywords\":[\"Association Culturelle Sylvie Chalaye\"],\"articleSection\":[\"Association Sylvie Chalaye\"],\"inLanguage\":\"fr-FR\",\"potentialAction\":[{\"@type\":\"CommentAction\",\"name\":\"Comment\",\"target\":[\"https:\\\/\\\/agenda-culturel-bf.com\\\/?p=1585#respond\"]}]},{\"@type\":\"WebPage\",\"@id\":\"https:\\\/\\\/agenda-culturel-bf.com\\\/?p=1585\",\"url\":\"https:\\\/\\\/agenda-culturel-bf.com\\\/?p=1585\",\"name\":\"Culture : Le th\u00e9\u00e2tre au service de la soci\u00e9t\u00e9, le cheval de bataille de l'Association Sylvie Chalaye - Agenda Culturel Burkina\",\"isPartOf\":{\"@id\":\"https:\\\/\\\/agenda-culturel-bf.com\\\/#website\"},\"primaryImageOfPage\":{\"@id\":\"https:\\\/\\\/agenda-culturel-bf.com\\\/?p=1585#primaryimage\"},\"image\":{\"@id\":\"https:\\\/\\\/agenda-culturel-bf.com\\\/?p=1585#primaryimage\"},\"thumbnailUrl\":\"https:\\\/\\\/agenda-culturel-bf.com\\\/wp-content\\\/uploads\\\/2026\\\/09\\\/IMG-20260901-WA0011.jpg\",\"datePublished\":\"2026-09-01T09:51:15+00:00\",\"dateModified\":\"2026-09-01T09:53:29+00:00\",\"breadcrumb\":{\"@id\":\"https:\\\/\\\/agenda-culturel-bf.com\\\/?p=1585#breadcrumb\"},\"inLanguage\":\"fr-FR\",\"potentialAction\":[{\"@type\":\"ReadAction\",\"target\":[\"https:\\\/\\\/agenda-culturel-bf.com\\\/?p=1585\"]}]},{\"@type\":\"ImageObject\",\"inLanguage\":\"fr-FR\",\"@id\":\"https:\\\/\\\/agenda-culturel-bf.com\\\/?p=1585#primaryimage\",\"url\":\"https:\\\/\\\/agenda-culturel-bf.com\\\/wp-content\\\/uploads\\\/2026\\\/09\\\/IMG-20260901-WA0011.jpg\",\"contentUrl\":\"https:\\\/\\\/agenda-culturel-bf.com\\\/wp-content\\\/uploads\\\/2026\\\/09\\\/IMG-20260901-WA0011.jpg\",\"width\":715,\"height\":716},{\"@type\":\"BreadcrumbList\",\"@id\":\"https:\\\/\\\/agenda-culturel-bf.com\\\/?p=1585#breadcrumb\",\"itemListElement\":[{\"@type\":\"ListItem\",\"position\":1,\"name\":\"Home\",\"item\":\"https:\\\/\\\/agenda-culturel-bf.com\\\/\"},{\"@type\":\"ListItem\",\"position\":2,\"name\":\"Culture : Le th\u00e9\u00e2tre au service de la soci\u00e9t\u00e9, le cheval de bataille de l&rsquo;Association Sylvie Chalaye\"}]},{\"@type\":\"WebSite\",\"@id\":\"https:\\\/\\\/agenda-culturel-bf.com\\\/#website\",\"url\":\"https:\\\/\\\/agenda-culturel-bf.com\\\/\",\"name\":\"Agenda Culturel Burkina\",\"description\":\"\",\"publisher\":{\"@id\":\"https:\\\/\\\/agenda-culturel-bf.com\\\/#organization\"},\"potentialAction\":[{\"@type\":\"SearchAction\",\"target\":{\"@type\":\"EntryPoint\",\"urlTemplate\":\"https:\\\/\\\/agenda-culturel-bf.com\\\/?s={search_term_string}\"},\"query-input\":{\"@type\":\"PropertyValueSpecification\",\"valueRequired\":true,\"valueName\":\"search_term_string\"}}],\"inLanguage\":\"fr-FR\"},{\"@type\":\"Organization\",\"@id\":\"https:\\\/\\\/agenda-culturel-bf.com\\\/#organization\",\"name\":\"Agenda Culturel Burkina\",\"url\":\"https:\\\/\\\/agenda-culturel-bf.com\\\/\",\"logo\":{\"@type\":\"ImageObject\",\"inLanguage\":\"fr-FR\",\"@id\":\"https:\\\/\\\/agenda-culturel-bf.com\\\/#\\\/schema\\\/logo\\\/image\\\/\",\"url\":\"https:\\\/\\\/agenda-culturel-bf.com\\\/wp-content\\\/uploads\\\/2026\\\/07\\\/logo1.jpg\",\"contentUrl\":\"https:\\\/\\\/agenda-culturel-bf.com\\\/wp-content\\\/uploads\\\/2026\\\/07\\\/logo1.jpg\",\"width\":250,\"height\":250,\"caption\":\"Agenda Culturel Burkina\"},\"image\":{\"@id\":\"https:\\\/\\\/agenda-culturel-bf.com\\\/#\\\/schema\\\/logo\\\/image\\\/\"}},{\"@type\":\"Person\",\"@id\":\"https:\\\/\\\/agenda-culturel-bf.com\\\/#\\\/schema\\\/person\\\/d8068eb959233041a009440fbc9b48dd\",\"name\":\"Admin\",\"image\":{\"@type\":\"ImageObject\",\"inLanguage\":\"fr-FR\",\"@id\":\"https:\\\/\\\/secure.gravatar.com\\\/avatar\\\/7b133366f3aefc58e8c220f8912fc40cee1024290a2f146b827e79e190187c2b?s=96&d=mm&r=g\",\"url\":\"https:\\\/\\\/secure.gravatar.com\\\/avatar\\\/7b133366f3aefc58e8c220f8912fc40cee1024290a2f146b827e79e190187c2b?s=96&d=mm&r=g\",\"contentUrl\":\"https:\\\/\\\/secure.gravatar.com\\\/avatar\\\/7b133366f3aefc58e8c220f8912fc40cee1024290a2f146b827e79e190187c2b?s=96&d=mm&r=g\",\"caption\":\"Admin\"},\"url\":\"https:\\\/\\\/agenda-culturel-bf.com\\\/?author=2\"}]}<\/script>\n<!-- \/ Yoast SEO plugin. -->","yoast_head_json":{"title":"Culture : Le th\u00e9\u00e2tre au service de la soci\u00e9t\u00e9, le cheval de bataille de l'Association Sylvie Chalaye - Agenda Culturel Burkina","robots":{"index":"index","follow":"follow","max-snippet":"max-snippet:-1","max-image-preview":"max-image-preview:large","max-video-preview":"max-video-preview:-1"},"canonical":"https:\/\/agenda-culturel-bf.com\/?p=1585","og_locale":"fr_FR","og_type":"article","og_title":"Culture : Le th\u00e9\u00e2tre au service de la soci\u00e9t\u00e9, le cheval de bataille de l'Association Sylvie Chalaye - Agenda Culturel Burkina","og_description":"Au Burkina Faso, l\u2019Association Culturelle Sylvie Chalaye s\u2019impose progressivement comme un acteur engag\u00e9 dans la promotion du th\u00e9\u00e2tre et des...","og_url":"https:\/\/agenda-culturel-bf.com\/?p=1585","og_site_name":"Agenda Culturel Burkina","article_published_time":"2026-09-01T09:51:15+00:00","article_modified_time":"2026-09-01T09:53:29+00:00","og_image":[{"width":715,"height":716,"url":"https:\/\/agenda-culturel-bf.com\/wp-content\/uploads\/2026\/09\/IMG-20260901-WA0011.jpg","type":"image\/jpeg"}],"author":"Admin","twitter_card":"summary_large_image","twitter_misc":{"\u00c9crit par":"Admin","Dur\u00e9e de lecture estim\u00e9e":"3 minutes"},"schema":{"@context":"https:\/\/schema.org","@graph":[{"@type":"Article","@id":"https:\/\/agenda-culturel-bf.com\/?p=1585#article","isPartOf":{"@id":"https:\/\/agenda-culturel-bf.com\/?p=1585"},"author":{"name":"Admin","@id":"https:\/\/agenda-culturel-bf.com\/#\/schema\/person\/d8068eb959233041a009440fbc9b48dd"},"headline":"Culture : Le th\u00e9\u00e2tre au service de la soci\u00e9t\u00e9, le cheval de bataille de l&rsquo;Association Sylvie Chalaye","datePublished":"2026-09-01T09:51:15+00:00","dateModified":"2026-09-01T09:53:29+00:00","mainEntityOfPage":{"@id":"https:\/\/agenda-culturel-bf.com\/?p=1585"},"wordCount":373,"commentCount":0,"publisher":{"@id":"https:\/\/agenda-culturel-bf.com\/#organization"},"image":{"@id":"https:\/\/agenda-culturel-bf.com\/?p=1585#primaryimage"},"thumbnailUrl":"https:\/\/agenda-culturel-bf.com\/wp-content\/uploads\/2026\/09\/IMG-20260901-WA0011.jpg","keywords":["Association Culturelle Sylvie Chalaye"],"articleSection":["Association Sylvie Chalaye"],"inLanguage":"fr-FR","potentialAction":[{"@type":"CommentAction","name":"Comment","target":["https:\/\/agenda-culturel-bf.com\/?p=1585#respond"]}]},{"@type":"WebPage","@id":"https:\/\/agenda-culturel-bf.com\/?p=1585","url":"https:\/\/agenda-culturel-bf.com\/?p=1585","name":"Culture : Le th\u00e9\u00e2tre au service de la soci\u00e9t\u00e9, le cheval de bataille de l'Association Sylvie Chalaye - Agenda Culturel Burkina","isPartOf":{"@id":"https:\/\/agenda-culturel-bf.com\/#website"},"primaryImageOfPage":{"@id":"https:\/\/agenda-culturel-bf.com\/?p=1585#primaryimage"},"image":{"@id":"https:\/\/agenda-culturel-bf.com\/?p=1585#primaryimage"},"thumbnailUrl":"https:\/\/agenda-culturel-bf.com\/wp-content\/uploads\/2026\/09\/IMG-20260901-WA0011.jpg","datePublished":"2026-09-01T09:51:15+00:00","dateModified":"2026-09-01T09:53:29+00:00","breadcrumb":{"@id":"https:\/\/agenda-culturel-bf.com\/?p=1585#breadcrumb"},"inLanguage":"fr-FR","potentialAction":[{"@type":"ReadAction","target":["https:\/\/agenda-culturel-bf.com\/?p=1585"]}]},{"@type":"ImageObject","inLanguage":"fr-FR","@id":"https:\/\/agenda-culturel-bf.com\/?p=1585#primaryimage","url":"https:\/\/agenda-culturel-bf.com\/wp-content\/uploads\/2026\/09\/IMG-20260901-WA0011.jpg","contentUrl":"https:\/\/agenda-culturel-bf.com\/wp-content\/uploads\/2026\/09\/IMG-20260901-WA0011.jpg","width":715,"height":716},{"@type":"BreadcrumbList","@id":"https:\/\/agenda-culturel-bf.com\/?p=1585#breadcrumb","itemListElement":[{"@type":"ListItem","position":1,"name":"Home","item":"https:\/\/agenda-culturel-bf.com\/"},{"@type":"ListItem","position":2,"name":"Culture : Le th\u00e9\u00e2tre au service de la soci\u00e9t\u00e9, le cheval de bataille de l&rsquo;Association Sylvie Chalaye"}]},{"@type":"WebSite","@id":"https:\/\/agenda-culturel-bf.com\/#website","url":"https:\/\/agenda-culturel-bf.com\/","name":"Agenda Culturel Burkina","description":"","publisher":{"@id":"https:\/\/agenda-culturel-bf.com\/#organization"},"potentialAction":[{"@type":"SearchAction","target":{"@type":"EntryPoint","urlTemplate":"https:\/\/agenda-culturel-bf.com\/?s={search_term_string}"},"query-input":{"@type":"PropertyValueSpecification","valueRequired":true,"valueName":"search_term_string"}}],"inLanguage":"fr-FR"},{"@type":"Organization","@id":"https:\/\/agenda-culturel-bf.com\/#organization","name":"Agenda Culturel Burkina","url":"https:\/\/agenda-culturel-bf.com\/","logo":{"@type":"ImageObject","inLanguage":"fr-FR","@id":"https:\/\/agenda-culturel-bf.com\/#\/schema\/logo\/image\/","url":"https:\/\/agenda-culturel-bf.com\/wp-content\/uploads\/2026\/07\/logo1.jpg","contentUrl":"https:\/\/agenda-culturel-bf.com\/wp-content\/uploads\/2026\/07\/logo1.jpg","width":250,"height":250,"caption":"Agenda Culturel Burkina"},"image":{"@id":"https:\/\/agenda-culturel-bf.com\/#\/schema\/logo\/image\/"}},{"@type":"Person","@id":"https:\/\/agenda-culturel-bf.com\/#\/schema\/person\/d8068eb959233041a009440fbc9b48dd","name":"Admin","image":{"@type":"ImageObject","inLanguage":"fr-FR","@id":"https:\/\/secure.gravatar.com\/avatar\/7b133366f3aefc58e8c220f8912fc40cee1024290a2f146b827e79e190187c2b?s=96&d=mm&r=g","url":"https:\/\/secure.gravatar.com\/avatar\/7b133366f3aefc58e8c220f8912fc40cee1024290a2f146b827e79e190187c2b?s=96&d=mm&r=g","contentUrl":"https:\/\/secure.gravatar.com\/avatar\/7b133366f3aefc58e8c220f8912fc40cee1024290a2f146b827e79e190187c2b?s=96&d=mm&r=g","caption":"Admin"},"url":"https:\/\/agenda-culturel-bf.com\/?author=2"}]}},"_links":{"self":[{"href":"https:\/\/agenda-culturel-bf.com\/index.php?rest_route=\/wp\/v2\/posts\/1585","targetHints":{"allow":["GET"]}}],"collection":[{"href":"https:\/\/agenda-culturel-bf.com\/index.php?rest_route=\/wp\/v2\/posts"}],"about":[{"href":"https:\/\/agenda-culturel-bf.com\/index.php?rest_route=\/wp\/v2\/types\/post"}],"author":[{"embeddable":true,"href":"https:\/\/agenda-culturel-bf.com\/index.php?rest_route=\/wp\/v2\/users\/2"}],"replies":[{"embeddable":true,"href":"https:\/\/agenda-culturel-bf.com\/index.php?rest_route=%2Fwp%2Fv2%2Fcomments&post=1585"}],"version-history":[{"count":3,"href":"https:\/\/agenda-culturel-bf.com\/index.php?rest_route=\/wp\/v2\/posts\/1585\/revisions"}],"predecessor-version":[{"id":1590,"href":"https:\/\/agenda-culturel-bf.com\/index.php?rest_route=\/wp\/v2\/posts\/1585\/revisions\/1590"}],"wp:featuredmedia":[{"embeddable":true,"href":"https:\/\/agenda-culturel-bf.com\/index.php?rest_route=\/wp\/v2\/media\/1587"}],"wp:attachment":[{"href":"https:\/\/agenda-culturel-bf.com\/index.php?rest_route=%2Fwp%2Fv2%2Fmedia&parent=1585"}],"wp:term":[{"taxonomy":"category","embeddable":true,"href":"https:\/\/agenda-culturel-bf.com\/index.php?rest_route=%2Fwp%2Fv2%2Fcategories&post=1585"},{"taxonomy":"post_tag","embeddable":true,"href":"https:\/\/agenda-culturel-bf.com\/index.php?rest_route=%2Fwp%2Fv2%2Ftags&post=1585"}],"curies":[{"name":"wp","href":"https:\/\/api.w.org\/{rel}","templated":true}]}}