
{"id":1577,"date":"2026-08-31T12:25:20","date_gmt":"2026-08-31T12:25:20","guid":{"rendered":"https:\/\/agenda-culturel-bf.com\/?p=1577"},"modified":"2026-08-31T12:26:42","modified_gmt":"2026-08-31T12:26:42","slug":"cote-divoire-le-duo-yode-et-siro-celebre-une-carriere-qui-a-traverse-3-decennies","status":"publish","type":"post","link":"https:\/\/agenda-culturel-bf.com\/?p=1577","title":{"rendered":"C\u00f4te d\u2019Ivoire : Le duo Yod\u00e9 et Siro c\u00e9l\u00e8bre une carri\u00e8re qui a travers\u00e9 3 d\u00e9cennies"},"content":{"rendered":"<p>L\u2019esplanade du Palais de la Culture d\u2019Abidjan a vibr\u00e9 ce samedi 29 Ao\u00fbt au rythme du zouglou \u00e0 l\u2019occasion de la c\u00e9l\u00e9bration des 30 ans de carri\u00e8re de Yod\u00e9 et Siro. Trois d\u00e9cennies apr\u00e8s leurs d\u00e9buts, Gervais Dali Dj\u00e9dj\u00e9, dit Yod\u00e9, et Sylvain Decavailles Aba, dit Siro, continuent de faire r\u00e9sonner un genre musical profond\u00e9ment ancr\u00e9 dans la soci\u00e9t\u00e9 ivoirienne. Leur anniversaire de carri\u00e8re appara\u00eet ainsi comme bien plus qu\u2019une c\u00e9l\u00e9bration artistique : il marque le parcours de deux artistes qui ont accompagn\u00e9 plusieurs g\u00e9n\u00e9rations d\u2019Ivoiriens \u00e0 travers leurs chansons, leurs rythmes et leurs messages.<\/p>\n<figure id=\"attachment_1578\" aria-describedby=\"caption-attachment-1578\" style=\"width: 300px\" class=\"wp-caption aligncenter\"><img class=\"size-medium wp-image-1578\"  alt=\"\" width=\"300\" height=\"225\" \/ loading=\"eager\" fetchpriority=\"high\" decoding=\"async\" src=\"https:\/\/agenda-culturel-bf.com\/wp-content\/uploads\/2026\/08\/IMG-20260831-WA0009-300x225.jpg\" srcset=\"https:\/\/agenda-culturel-bf.com\/wp-content\/uploads\/2026\/08\/IMG-20260831-WA0009-300x225.jpg 300w, https:\/\/agenda-culturel-bf.com\/wp-content\/uploads\/2026\/08\/IMG-20260831-WA0009.jpg 720w\" sizes=\"(max-width: 300px) 100vw, 300px\" \/><figcaption id=\"caption-attachment-1578\" class=\"wp-caption-text\"><em>Les fans du groupe ont r\u00e9pondu pr\u00e9sent<\/em><\/figcaption><\/figure>\n<p>L\u2019histoire de Yod\u00e9 et Siro commence dans les ann\u00e9es 1990, dans un contexte o\u00f9 le zouglou s\u2019impose progressivement comme l\u2019une des principales expressions musicales de la jeunesse ivoirienne. Apr\u00e8s leur passage au sein des Poussins Chocs, les deux artistes poursuivent leur chemin en duo et construisent une identit\u00e9 musicale reconnaissable. Leur particularit\u00e9 r\u00e9side dans leur capacit\u00e9 \u00e0 associer des m\u00e9lodies entra\u00eenantes \u00e0 des textes inspir\u00e9s de la vie quotidienne. Amour, jeunesse, politique, soci\u00e9t\u00e9, difficult\u00e9s de la vie et r\u00e9alit\u00e9s du quotidien deviennent ainsi des sujets abord\u00e9s avec humour, d\u00e9rision et parfois une forte dose de critique sociale. Cette mani\u00e8re de faire du zouglou une musique \u00e0 la fois populaire et porteuse de messages contribue \u00e0 leur imposer une place durable dans la sc\u00e8ne musicale ivoirienne.<\/p>\n<p>Au fil des ann\u00e9es, Yod\u00e9 et Siro deviennent ainsi des figures majeures du zouglou. Leurs chansons ne se limitent pas aux espaces de spectacles : elles s\u2019installent dans les foyers, les quartiers, les maquis et dans la m\u00e9moire collective. Une g\u00e9n\u00e9ration d\u00e9couvre le duo dans les ann\u00e9es 1990 et 2000, tandis qu\u2019une autre continue de reprendre ses chansons plusieurs ann\u00e9es plus tard. Cette transmission entre g\u00e9n\u00e9rations t\u00e9moigne de la capacit\u00e9 du zouglou \u00e0 \u00e9voluer sans perdre son identit\u00e9. \u00c0 travers leur musique, Yod\u00e9 et Siro ont contribu\u00e9 \u00e0 maintenir vivant cet h\u00e9ritage tout en l\u2019adaptant aux r\u00e9alit\u00e9s de leur \u00e9poque.<\/p>\n<p>Trente ans apr\u00e8s leurs premiers pas, leur parcours illustre donc la long\u00e9vit\u00e9 que peut atteindre une musique lorsqu\u2019elle reste connect\u00e9e \u00e0 son public. Yod\u00e9 et Siro ont grandi avec le zouglou, mais ils ont \u00e9galement grandi avec les g\u00e9n\u00e9rations qui les \u00e9coutent. Leur carri\u00e8re constitue aujourd\u2019hui une partie de l\u2019histoire de la musique ivoirienne contemporaine. En c\u00e9l\u00e9brant leurs 30 ans, c\u2019est finalement une partie de cette m\u00e9moire musicale que le public ivoirien c\u00e9l\u00e8bre : celle d\u2019un duo qui a fait du zouglou un espace de divertissement, d\u2019expression et de transmission culturelle.<\/p>\n<p><strong>Agenda culturel Burkina<\/strong><\/p>\n","protected":false},"excerpt":{"rendered":"<p>L\u2019esplanade du Palais de la Culture d\u2019Abidjan a vibr\u00e9 ce samedi 29 Ao\u00fbt au rythme du zouglou \u00e0 l\u2019occasion de&#8230;<\/p>\n","protected":false},"author":2,"featured_media":1579,"comment_status":"open","ping_status":"open","sticky":false,"template":"","format":"standard","meta":{"footnotes":""},"categories":[40,35],"tags":[67,68],"class_list":["post-1577","post","type-post","status-publish","format-standard","has-post-thumbnail","hentry","category-international","category-musique","tag-yode-et-siro","tag-zouglou"],"yoast_head":"<!-- This site is optimized with the Yoast SEO plugin v28.4 - https:\/\/yoast.com\/product\/yoast-seo-wordpress\/ -->\n<title>C\u00f4te d\u2019Ivoire : Le duo Yod\u00e9 et Siro c\u00e9l\u00e8bre une carri\u00e8re qui a travers\u00e9 3 d\u00e9cennies - Agenda Culturel Burkina<\/title>\n<meta name=\"robots\" content=\"index, follow, max-snippet:-1, max-image-preview:large, max-video-preview:-1\" \/>\n<link rel=\"canonical\" href=\"https:\/\/agenda-culturel-bf.com\/?p=1577\" \/>\n<meta property=\"og:locale\" content=\"fr_FR\" \/>\n<meta property=\"og:type\" content=\"article\" \/>\n<meta property=\"og:title\" content=\"C\u00f4te d\u2019Ivoire : Le duo Yod\u00e9 et Siro c\u00e9l\u00e8bre une carri\u00e8re qui a travers\u00e9 3 d\u00e9cennies - Agenda Culturel Burkina\" \/>\n<meta property=\"og:description\" content=\"L\u2019esplanade du Palais de la Culture d\u2019Abidjan a vibr\u00e9 ce samedi 29 Ao\u00fbt au rythme du zouglou \u00e0 l\u2019occasion de...\" \/>\n<meta property=\"og:url\" content=\"https:\/\/agenda-culturel-bf.com\/?p=1577\" \/>\n<meta property=\"og:site_name\" content=\"Agenda Culturel Burkina\" \/>\n<meta property=\"article:published_time\" content=\"2026-08-31T12:25:20+00:00\" \/>\n<meta property=\"article:modified_time\" content=\"2026-08-31T12:26:42+00:00\" \/>\n<meta property=\"og:image\" content=\"https:\/\/agenda-culturel-bf.com\/wp-content\/uploads\/2026\/08\/IMG-20260831-WA0008.jpg\" \/>\n\t<meta property=\"og:image:width\" content=\"636\" \/>\n\t<meta property=\"og:image:height\" content=\"486\" \/>\n\t<meta property=\"og:image:type\" content=\"image\/jpeg\" \/>\n<meta name=\"author\" content=\"Admin\" \/>\n<meta name=\"twitter:card\" content=\"summary_large_image\" \/>\n<meta name=\"twitter:label1\" content=\"\u00c9crit par\" \/>\n\t<meta name=\"twitter:data1\" content=\"Admin\" \/>\n\t<meta name=\"twitter:label2\" content=\"Dur\u00e9e de lecture estim\u00e9e\" \/>\n\t<meta name=\"twitter:data2\" content=\"3 minutes\" \/>\n<script type=\"application\/ld+json\" class=\"yoast-schema-graph\">{\"@context\":\"https:\\\/\\\/schema.org\",\"@graph\":[{\"@type\":\"Article\",\"@id\":\"https:\\\/\\\/agenda-culturel-bf.com\\\/?p=1577#article\",\"isPartOf\":{\"@id\":\"https:\\\/\\\/agenda-culturel-bf.com\\\/?p=1577\"},\"author\":{\"name\":\"Admin\",\"@id\":\"https:\\\/\\\/agenda-culturel-bf.com\\\/#\\\/schema\\\/person\\\/d8068eb959233041a009440fbc9b48dd\"},\"headline\":\"C\u00f4te d\u2019Ivoire : Le duo Yod\u00e9 et Siro c\u00e9l\u00e8bre une carri\u00e8re qui a travers\u00e9 3 d\u00e9cennies\",\"datePublished\":\"2026-08-31T12:25:20+00:00\",\"dateModified\":\"2026-08-31T12:26:42+00:00\",\"mainEntityOfPage\":{\"@id\":\"https:\\\/\\\/agenda-culturel-bf.com\\\/?p=1577\"},\"wordCount\":503,\"commentCount\":0,\"publisher\":{\"@id\":\"https:\\\/\\\/agenda-culturel-bf.com\\\/#organization\"},\"image\":{\"@id\":\"https:\\\/\\\/agenda-culturel-bf.com\\\/?p=1577#primaryimage\"},\"thumbnailUrl\":\"https:\\\/\\\/agenda-culturel-bf.com\\\/wp-content\\\/uploads\\\/2026\\\/08\\\/IMG-20260831-WA0008.jpg\",\"keywords\":[\"Yod\u00e9 et Siro\",\"Zouglou\"],\"articleSection\":[\"International\",\"Musique\"],\"inLanguage\":\"fr-FR\",\"potentialAction\":[{\"@type\":\"CommentAction\",\"name\":\"Comment\",\"target\":[\"https:\\\/\\\/agenda-culturel-bf.com\\\/?p=1577#respond\"]}]},{\"@type\":\"WebPage\",\"@id\":\"https:\\\/\\\/agenda-culturel-bf.com\\\/?p=1577\",\"url\":\"https:\\\/\\\/agenda-culturel-bf.com\\\/?p=1577\",\"name\":\"C\u00f4te d\u2019Ivoire : Le duo Yod\u00e9 et Siro c\u00e9l\u00e8bre une carri\u00e8re qui a travers\u00e9 3 d\u00e9cennies - Agenda Culturel Burkina\",\"isPartOf\":{\"@id\":\"https:\\\/\\\/agenda-culturel-bf.com\\\/#website\"},\"primaryImageOfPage\":{\"@id\":\"https:\\\/\\\/agenda-culturel-bf.com\\\/?p=1577#primaryimage\"},\"image\":{\"@id\":\"https:\\\/\\\/agenda-culturel-bf.com\\\/?p=1577#primaryimage\"},\"thumbnailUrl\":\"https:\\\/\\\/agenda-culturel-bf.com\\\/wp-content\\\/uploads\\\/2026\\\/08\\\/IMG-20260831-WA0008.jpg\",\"datePublished\":\"2026-08-31T12:25:20+00:00\",\"dateModified\":\"2026-08-31T12:26:42+00:00\",\"breadcrumb\":{\"@id\":\"https:\\\/\\\/agenda-culturel-bf.com\\\/?p=1577#breadcrumb\"},\"inLanguage\":\"fr-FR\",\"potentialAction\":[{\"@type\":\"ReadAction\",\"target\":[\"https:\\\/\\\/agenda-culturel-bf.com\\\/?p=1577\"]}]},{\"@type\":\"ImageObject\",\"inLanguage\":\"fr-FR\",\"@id\":\"https:\\\/\\\/agenda-culturel-bf.com\\\/?p=1577#primaryimage\",\"url\":\"https:\\\/\\\/agenda-culturel-bf.com\\\/wp-content\\\/uploads\\\/2026\\\/08\\\/IMG-20260831-WA0008.jpg\",\"contentUrl\":\"https:\\\/\\\/agenda-culturel-bf.com\\\/wp-content\\\/uploads\\\/2026\\\/08\\\/IMG-20260831-WA0008.jpg\",\"width\":636,\"height\":486},{\"@type\":\"BreadcrumbList\",\"@id\":\"https:\\\/\\\/agenda-culturel-bf.com\\\/?p=1577#breadcrumb\",\"itemListElement\":[{\"@type\":\"ListItem\",\"position\":1,\"name\":\"Home\",\"item\":\"https:\\\/\\\/agenda-culturel-bf.com\\\/\"},{\"@type\":\"ListItem\",\"position\":2,\"name\":\"C\u00f4te d\u2019Ivoire : Le duo Yod\u00e9 et Siro c\u00e9l\u00e8bre une carri\u00e8re qui a travers\u00e9 3 d\u00e9cennies\"}]},{\"@type\":\"WebSite\",\"@id\":\"https:\\\/\\\/agenda-culturel-bf.com\\\/#website\",\"url\":\"https:\\\/\\\/agenda-culturel-bf.com\\\/\",\"name\":\"Agenda Culturel Burkina\",\"description\":\"\",\"publisher\":{\"@id\":\"https:\\\/\\\/agenda-culturel-bf.com\\\/#organization\"},\"potentialAction\":[{\"@type\":\"SearchAction\",\"target\":{\"@type\":\"EntryPoint\",\"urlTemplate\":\"https:\\\/\\\/agenda-culturel-bf.com\\\/?s={search_term_string}\"},\"query-input\":{\"@type\":\"PropertyValueSpecification\",\"valueRequired\":true,\"valueName\":\"search_term_string\"}}],\"inLanguage\":\"fr-FR\"},{\"@type\":\"Organization\",\"@id\":\"https:\\\/\\\/agenda-culturel-bf.com\\\/#organization\",\"name\":\"Agenda Culturel Burkina\",\"url\":\"https:\\\/\\\/agenda-culturel-bf.com\\\/\",\"logo\":{\"@type\":\"ImageObject\",\"inLanguage\":\"fr-FR\",\"@id\":\"https:\\\/\\\/agenda-culturel-bf.com\\\/#\\\/schema\\\/logo\\\/image\\\/\",\"url\":\"https:\\\/\\\/agenda-culturel-bf.com\\\/wp-content\\\/uploads\\\/2026\\\/07\\\/logo1.jpg\",\"contentUrl\":\"https:\\\/\\\/agenda-culturel-bf.com\\\/wp-content\\\/uploads\\\/2026\\\/07\\\/logo1.jpg\",\"width\":250,\"height\":250,\"caption\":\"Agenda Culturel Burkina\"},\"image\":{\"@id\":\"https:\\\/\\\/agenda-culturel-bf.com\\\/#\\\/schema\\\/logo\\\/image\\\/\"}},{\"@type\":\"Person\",\"@id\":\"https:\\\/\\\/agenda-culturel-bf.com\\\/#\\\/schema\\\/person\\\/d8068eb959233041a009440fbc9b48dd\",\"name\":\"Admin\",\"image\":{\"@type\":\"ImageObject\",\"inLanguage\":\"fr-FR\",\"@id\":\"https:\\\/\\\/secure.gravatar.com\\\/avatar\\\/7b133366f3aefc58e8c220f8912fc40cee1024290a2f146b827e79e190187c2b?s=96&d=mm&r=g\",\"url\":\"https:\\\/\\\/secure.gravatar.com\\\/avatar\\\/7b133366f3aefc58e8c220f8912fc40cee1024290a2f146b827e79e190187c2b?s=96&d=mm&r=g\",\"contentUrl\":\"https:\\\/\\\/secure.gravatar.com\\\/avatar\\\/7b133366f3aefc58e8c220f8912fc40cee1024290a2f146b827e79e190187c2b?s=96&d=mm&r=g\",\"caption\":\"Admin\"},\"url\":\"https:\\\/\\\/agenda-culturel-bf.com\\\/?author=2\"}]}<\/script>\n<!-- \/ Yoast SEO plugin. -->","yoast_head_json":{"title":"C\u00f4te d\u2019Ivoire : Le duo Yod\u00e9 et Siro c\u00e9l\u00e8bre une carri\u00e8re qui a travers\u00e9 3 d\u00e9cennies - Agenda Culturel Burkina","robots":{"index":"index","follow":"follow","max-snippet":"max-snippet:-1","max-image-preview":"max-image-preview:large","max-video-preview":"max-video-preview:-1"},"canonical":"https:\/\/agenda-culturel-bf.com\/?p=1577","og_locale":"fr_FR","og_type":"article","og_title":"C\u00f4te d\u2019Ivoire : Le duo Yod\u00e9 et Siro c\u00e9l\u00e8bre une carri\u00e8re qui a travers\u00e9 3 d\u00e9cennies - Agenda Culturel Burkina","og_description":"L\u2019esplanade du Palais de la Culture d\u2019Abidjan a vibr\u00e9 ce samedi 29 Ao\u00fbt au rythme du zouglou \u00e0 l\u2019occasion de...","og_url":"https:\/\/agenda-culturel-bf.com\/?p=1577","og_site_name":"Agenda Culturel Burkina","article_published_time":"2026-08-31T12:25:20+00:00","article_modified_time":"2026-08-31T12:26:42+00:00","og_image":[{"width":636,"height":486,"url":"https:\/\/agenda-culturel-bf.com\/wp-content\/uploads\/2026\/08\/IMG-20260831-WA0008.jpg","type":"image\/jpeg"}],"author":"Admin","twitter_card":"summary_large_image","twitter_misc":{"\u00c9crit par":"Admin","Dur\u00e9e de lecture estim\u00e9e":"3 minutes"},"schema":{"@context":"https:\/\/schema.org","@graph":[{"@type":"Article","@id":"https:\/\/agenda-culturel-bf.com\/?p=1577#article","isPartOf":{"@id":"https:\/\/agenda-culturel-bf.com\/?p=1577"},"author":{"name":"Admin","@id":"https:\/\/agenda-culturel-bf.com\/#\/schema\/person\/d8068eb959233041a009440fbc9b48dd"},"headline":"C\u00f4te d\u2019Ivoire : Le duo Yod\u00e9 et Siro c\u00e9l\u00e8bre une carri\u00e8re qui a travers\u00e9 3 d\u00e9cennies","datePublished":"2026-08-31T12:25:20+00:00","dateModified":"2026-08-31T12:26:42+00:00","mainEntityOfPage":{"@id":"https:\/\/agenda-culturel-bf.com\/?p=1577"},"wordCount":503,"commentCount":0,"publisher":{"@id":"https:\/\/agenda-culturel-bf.com\/#organization"},"image":{"@id":"https:\/\/agenda-culturel-bf.com\/?p=1577#primaryimage"},"thumbnailUrl":"https:\/\/agenda-culturel-bf.com\/wp-content\/uploads\/2026\/08\/IMG-20260831-WA0008.jpg","keywords":["Yod\u00e9 et Siro","Zouglou"],"articleSection":["International","Musique"],"inLanguage":"fr-FR","potentialAction":[{"@type":"CommentAction","name":"Comment","target":["https:\/\/agenda-culturel-bf.com\/?p=1577#respond"]}]},{"@type":"WebPage","@id":"https:\/\/agenda-culturel-bf.com\/?p=1577","url":"https:\/\/agenda-culturel-bf.com\/?p=1577","name":"C\u00f4te d\u2019Ivoire : Le duo Yod\u00e9 et Siro c\u00e9l\u00e8bre une carri\u00e8re qui a travers\u00e9 3 d\u00e9cennies - Agenda Culturel Burkina","isPartOf":{"@id":"https:\/\/agenda-culturel-bf.com\/#website"},"primaryImageOfPage":{"@id":"https:\/\/agenda-culturel-bf.com\/?p=1577#primaryimage"},"image":{"@id":"https:\/\/agenda-culturel-bf.com\/?p=1577#primaryimage"},"thumbnailUrl":"https:\/\/agenda-culturel-bf.com\/wp-content\/uploads\/2026\/08\/IMG-20260831-WA0008.jpg","datePublished":"2026-08-31T12:25:20+00:00","dateModified":"2026-08-31T12:26:42+00:00","breadcrumb":{"@id":"https:\/\/agenda-culturel-bf.com\/?p=1577#breadcrumb"},"inLanguage":"fr-FR","potentialAction":[{"@type":"ReadAction","target":["https:\/\/agenda-culturel-bf.com\/?p=1577"]}]},{"@type":"ImageObject","inLanguage":"fr-FR","@id":"https:\/\/agenda-culturel-bf.com\/?p=1577#primaryimage","url":"https:\/\/agenda-culturel-bf.com\/wp-content\/uploads\/2026\/08\/IMG-20260831-WA0008.jpg","contentUrl":"https:\/\/agenda-culturel-bf.com\/wp-content\/uploads\/2026\/08\/IMG-20260831-WA0008.jpg","width":636,"height":486},{"@type":"BreadcrumbList","@id":"https:\/\/agenda-culturel-bf.com\/?p=1577#breadcrumb","itemListElement":[{"@type":"ListItem","position":1,"name":"Home","item":"https:\/\/agenda-culturel-bf.com\/"},{"@type":"ListItem","position":2,"name":"C\u00f4te d\u2019Ivoire : Le duo Yod\u00e9 et Siro c\u00e9l\u00e8bre une carri\u00e8re qui a travers\u00e9 3 d\u00e9cennies"}]},{"@type":"WebSite","@id":"https:\/\/agenda-culturel-bf.com\/#website","url":"https:\/\/agenda-culturel-bf.com\/","name":"Agenda Culturel Burkina","description":"","publisher":{"@id":"https:\/\/agenda-culturel-bf.com\/#organization"},"potentialAction":[{"@type":"SearchAction","target":{"@type":"EntryPoint","urlTemplate":"https:\/\/agenda-culturel-bf.com\/?s={search_term_string}"},"query-input":{"@type":"PropertyValueSpecification","valueRequired":true,"valueName":"search_term_string"}}],"inLanguage":"fr-FR"},{"@type":"Organization","@id":"https:\/\/agenda-culturel-bf.com\/#organization","name":"Agenda Culturel Burkina","url":"https:\/\/agenda-culturel-bf.com\/","logo":{"@type":"ImageObject","inLanguage":"fr-FR","@id":"https:\/\/agenda-culturel-bf.com\/#\/schema\/logo\/image\/","url":"https:\/\/agenda-culturel-bf.com\/wp-content\/uploads\/2026\/07\/logo1.jpg","contentUrl":"https:\/\/agenda-culturel-bf.com\/wp-content\/uploads\/2026\/07\/logo1.jpg","width":250,"height":250,"caption":"Agenda Culturel Burkina"},"image":{"@id":"https:\/\/agenda-culturel-bf.com\/#\/schema\/logo\/image\/"}},{"@type":"Person","@id":"https:\/\/agenda-culturel-bf.com\/#\/schema\/person\/d8068eb959233041a009440fbc9b48dd","name":"Admin","image":{"@type":"ImageObject","inLanguage":"fr-FR","@id":"https:\/\/secure.gravatar.com\/avatar\/7b133366f3aefc58e8c220f8912fc40cee1024290a2f146b827e79e190187c2b?s=96&d=mm&r=g","url":"https:\/\/secure.gravatar.com\/avatar\/7b133366f3aefc58e8c220f8912fc40cee1024290a2f146b827e79e190187c2b?s=96&d=mm&r=g","contentUrl":"https:\/\/secure.gravatar.com\/avatar\/7b133366f3aefc58e8c220f8912fc40cee1024290a2f146b827e79e190187c2b?s=96&d=mm&r=g","caption":"Admin"},"url":"https:\/\/agenda-culturel-bf.com\/?author=2"}]}},"_links":{"self":[{"href":"https:\/\/agenda-culturel-bf.com\/index.php?rest_route=\/wp\/v2\/posts\/1577","targetHints":{"allow":["GET"]}}],"collection":[{"href":"https:\/\/agenda-culturel-bf.com\/index.php?rest_route=\/wp\/v2\/posts"}],"about":[{"href":"https:\/\/agenda-culturel-bf.com\/index.php?rest_route=\/wp\/v2\/types\/post"}],"author":[{"embeddable":true,"href":"https:\/\/agenda-culturel-bf.com\/index.php?rest_route=\/wp\/v2\/users\/2"}],"replies":[{"embeddable":true,"href":"https:\/\/agenda-culturel-bf.com\/index.php?rest_route=%2Fwp%2Fv2%2Fcomments&post=1577"}],"version-history":[{"count":1,"href":"https:\/\/agenda-culturel-bf.com\/index.php?rest_route=\/wp\/v2\/posts\/1577\/revisions"}],"predecessor-version":[{"id":1580,"href":"https:\/\/agenda-culturel-bf.com\/index.php?rest_route=\/wp\/v2\/posts\/1577\/revisions\/1580"}],"wp:featuredmedia":[{"embeddable":true,"href":"https:\/\/agenda-culturel-bf.com\/index.php?rest_route=\/wp\/v2\/media\/1579"}],"wp:attachment":[{"href":"https:\/\/agenda-culturel-bf.com\/index.php?rest_route=%2Fwp%2Fv2%2Fmedia&parent=1577"}],"wp:term":[{"taxonomy":"category","embeddable":true,"href":"https:\/\/agenda-culturel-bf.com\/index.php?rest_route=%2Fwp%2Fv2%2Fcategories&post=1577"},{"taxonomy":"post_tag","embeddable":true,"href":"https:\/\/agenda-culturel-bf.com\/index.php?rest_route=%2Fwp%2Fv2%2Ftags&post=1577"}],"curies":[{"name":"wp","href":"https:\/\/api.w.org\/{rel}","templated":true}]}}