
{"id":1572,"date":"2026-08-30T18:07:22","date_gmt":"2026-08-30T18:07:22","guid":{"rendered":"https:\/\/agenda-culturel-bf.com\/?p=1572"},"modified":"2026-08-30T18:07:22","modified_gmt":"2026-08-30T18:07:22","slug":"theatre-un-spectacle-improvise-lors-dun-camp-linguistique-pour-enfants-a-ouaga","status":"publish","type":"post","link":"https:\/\/agenda-culturel-bf.com\/?p=1572","title":{"rendered":"Th\u00e9\u00e2tre : Un spectacle improvis\u00e9 lors d&rsquo;un camp linguistique pour enfants \u00e0 Ouaga"},"content":{"rendered":"<p>Ce samedi 29 ao\u00fbt 2026, un spectacle d\u2019improvisation th\u00e9\u00e2trale a \u00e9t\u00e9 organis\u00e9 au profit des enfants du Camp d\u2019Immersion Linguistique des Enfants de la Diaspora Dagara de Ouagadougou (CILEDDO).<\/p>\n<p>La repr\u00e9sentation s\u2019est d\u00e9roul\u00e9e dans une ambiance conviviale, au Caf\u00e9-Restaurant Le Tamarice, dans le cadre de l\u2019ATB. Pendant pr\u00e8s d\u2019une heure, improvisateurs et campeurs ont partag\u00e9 des moments de rires, de cr\u00e9ativit\u00e9 et de d\u00e9couverte autour du th\u00e9\u00e2tre.<img class=\"size-medium wp-image-1575 aligncenter\"  alt=\"\" width=\"300\" height=\"169\" \/ loading=\"eager\" fetchpriority=\"high\" decoding=\"async\" src=\"https:\/\/agenda-culturel-bf.com\/wp-content\/uploads\/2026\/08\/IMG-20260830-WA0052-300x169.jpg\" srcset=\"https:\/\/agenda-culturel-bf.com\/wp-content\/uploads\/2026\/08\/IMG-20260830-WA0052-300x169.jpg 300w, https:\/\/agenda-culturel-bf.com\/wp-content\/uploads\/2026\/08\/IMG-20260830-WA0052.jpg 720w\" sizes=\"(max-width: 300px) 100vw, 300px\" \/><\/p>\n<p>Au fil des improvisations, plusieurs th\u00e9matiques ont \u00e9t\u00e9 mises en sc\u00e8ne. La valorisation des langues, de la culture et des mets locaux, le respect des a\u00een\u00e9s, l\u2019abn\u00e9gation au travail, les droits et devoirs de l\u2019enfant, ainsi que l\u2019usage responsable du t\u00e9l\u00e9phone et d\u2019Internet ont notamment aliment\u00e9 les diff\u00e9rentes s\u00e9quences.<\/p>\n<p>La repr\u00e9sentation s\u2019est achev\u00e9e dans une atmosph\u00e8re de complicit\u00e9 et de bonne humeur. Les \u00e9clats de rire et les r\u00e9actions des campeurs ont accompagn\u00e9 les diff\u00e9rentes sc\u00e8nes, t\u00e9moignant de l\u2019int\u00e9r\u00eat suscit\u00e9 par l\u2019exercice.<br \/>\nUne belle rencontre entre le th\u00e9\u00e2tre et la jeunesse, rendue possible gr\u00e2ce \u00e0 la confiance des organisateurs du CILEDDO et \u00e0 l\u2019accueil du Caf\u00e9-Restaurant Le Tamarice.<\/p>\n<p><strong>Agenda culturel Burkina<\/strong><\/p>\n","protected":false},"excerpt":{"rendered":"<p>Ce samedi 29 ao\u00fbt 2026, un spectacle d\u2019improvisation th\u00e9\u00e2trale a \u00e9t\u00e9 organis\u00e9 au profit des enfants du Camp d\u2019Immersion Linguistique&#8230;<\/p>\n","protected":false},"author":2,"featured_media":1574,"comment_status":"open","ping_status":"open","sticky":false,"template":"","format":"standard","meta":{"footnotes":""},"categories":[37],"tags":[66,46],"class_list":["post-1572","post","type-post","status-publish","format-standard","has-post-thumbnail","hentry","category-theatre","tag-art-du-spectacle","tag-theatre"],"yoast_head":"<!-- This site is optimized with the Yoast SEO plugin v28.4 - https:\/\/yoast.com\/product\/yoast-seo-wordpress\/ -->\n<title>Th\u00e9\u00e2tre : Un spectacle improvis\u00e9 lors d&#039;un camp linguistique pour enfants \u00e0 Ouaga - Agenda Culturel Burkina<\/title>\n<meta name=\"robots\" content=\"index, follow, max-snippet:-1, max-image-preview:large, max-video-preview:-1\" \/>\n<link rel=\"canonical\" href=\"https:\/\/agenda-culturel-bf.com\/?p=1572\" \/>\n<meta property=\"og:locale\" content=\"fr_FR\" \/>\n<meta property=\"og:type\" content=\"article\" \/>\n<meta property=\"og:title\" content=\"Th\u00e9\u00e2tre : Un spectacle improvis\u00e9 lors d&#039;un camp linguistique pour enfants \u00e0 Ouaga - Agenda Culturel Burkina\" \/>\n<meta property=\"og:description\" content=\"Ce samedi 29 ao\u00fbt 2026, un spectacle d\u2019improvisation th\u00e9\u00e2trale a \u00e9t\u00e9 organis\u00e9 au profit des enfants du Camp d\u2019Immersion Linguistique...\" \/>\n<meta property=\"og:url\" content=\"https:\/\/agenda-culturel-bf.com\/?p=1572\" \/>\n<meta property=\"og:site_name\" content=\"Agenda Culturel Burkina\" \/>\n<meta property=\"article:published_time\" content=\"2026-08-30T18:07:22+00:00\" \/>\n<meta property=\"og:image\" content=\"https:\/\/agenda-culturel-bf.com\/wp-content\/uploads\/2026\/08\/IMG-20260830-WA0054-1.jpg\" \/>\n\t<meta property=\"og:image:width\" content=\"664\" \/>\n\t<meta property=\"og:image:height\" content=\"446\" \/>\n\t<meta property=\"og:image:type\" content=\"image\/jpeg\" \/>\n<meta name=\"author\" content=\"Admin\" \/>\n<meta name=\"twitter:card\" content=\"summary_large_image\" \/>\n<meta name=\"twitter:label1\" content=\"\u00c9crit par\" \/>\n\t<meta name=\"twitter:data1\" content=\"Admin\" \/>\n\t<meta name=\"twitter:label2\" content=\"Dur\u00e9e de lecture estim\u00e9e\" \/>\n\t<meta name=\"twitter:data2\" content=\"2 minutes\" \/>\n<script type=\"application\/ld+json\" class=\"yoast-schema-graph\">{\"@context\":\"https:\\\/\\\/schema.org\",\"@graph\":[{\"@type\":\"Article\",\"@id\":\"https:\\\/\\\/agenda-culturel-bf.com\\\/?p=1572#article\",\"isPartOf\":{\"@id\":\"https:\\\/\\\/agenda-culturel-bf.com\\\/?p=1572\"},\"author\":{\"name\":\"Admin\",\"@id\":\"https:\\\/\\\/agenda-culturel-bf.com\\\/#\\\/schema\\\/person\\\/d8068eb959233041a009440fbc9b48dd\"},\"headline\":\"Th\u00e9\u00e2tre : Un spectacle improvis\u00e9 lors d&rsquo;un camp linguistique pour enfants \u00e0 Ouaga\",\"datePublished\":\"2026-08-30T18:07:22+00:00\",\"mainEntityOfPage\":{\"@id\":\"https:\\\/\\\/agenda-culturel-bf.com\\\/?p=1572\"},\"wordCount\":231,\"commentCount\":0,\"publisher\":{\"@id\":\"https:\\\/\\\/agenda-culturel-bf.com\\\/#organization\"},\"image\":{\"@id\":\"https:\\\/\\\/agenda-culturel-bf.com\\\/?p=1572#primaryimage\"},\"thumbnailUrl\":\"https:\\\/\\\/agenda-culturel-bf.com\\\/wp-content\\\/uploads\\\/2026\\\/08\\\/IMG-20260830-WA0054-1.jpg\",\"keywords\":[\"Art du spectacle\",\"Th\u00e9\u00e2tre\"],\"articleSection\":[\"Th\u00e9\u00e2tre\"],\"inLanguage\":\"fr-FR\",\"potentialAction\":[{\"@type\":\"CommentAction\",\"name\":\"Comment\",\"target\":[\"https:\\\/\\\/agenda-culturel-bf.com\\\/?p=1572#respond\"]}]},{\"@type\":\"WebPage\",\"@id\":\"https:\\\/\\\/agenda-culturel-bf.com\\\/?p=1572\",\"url\":\"https:\\\/\\\/agenda-culturel-bf.com\\\/?p=1572\",\"name\":\"Th\u00e9\u00e2tre : Un spectacle improvis\u00e9 lors d'un camp linguistique pour enfants \u00e0 Ouaga - Agenda Culturel Burkina\",\"isPartOf\":{\"@id\":\"https:\\\/\\\/agenda-culturel-bf.com\\\/#website\"},\"primaryImageOfPage\":{\"@id\":\"https:\\\/\\\/agenda-culturel-bf.com\\\/?p=1572#primaryimage\"},\"image\":{\"@id\":\"https:\\\/\\\/agenda-culturel-bf.com\\\/?p=1572#primaryimage\"},\"thumbnailUrl\":\"https:\\\/\\\/agenda-culturel-bf.com\\\/wp-content\\\/uploads\\\/2026\\\/08\\\/IMG-20260830-WA0054-1.jpg\",\"datePublished\":\"2026-08-30T18:07:22+00:00\",\"breadcrumb\":{\"@id\":\"https:\\\/\\\/agenda-culturel-bf.com\\\/?p=1572#breadcrumb\"},\"inLanguage\":\"fr-FR\",\"potentialAction\":[{\"@type\":\"ReadAction\",\"target\":[\"https:\\\/\\\/agenda-culturel-bf.com\\\/?p=1572\"]}]},{\"@type\":\"ImageObject\",\"inLanguage\":\"fr-FR\",\"@id\":\"https:\\\/\\\/agenda-culturel-bf.com\\\/?p=1572#primaryimage\",\"url\":\"https:\\\/\\\/agenda-culturel-bf.com\\\/wp-content\\\/uploads\\\/2026\\\/08\\\/IMG-20260830-WA0054-1.jpg\",\"contentUrl\":\"https:\\\/\\\/agenda-culturel-bf.com\\\/wp-content\\\/uploads\\\/2026\\\/08\\\/IMG-20260830-WA0054-1.jpg\",\"width\":664,\"height\":446},{\"@type\":\"BreadcrumbList\",\"@id\":\"https:\\\/\\\/agenda-culturel-bf.com\\\/?p=1572#breadcrumb\",\"itemListElement\":[{\"@type\":\"ListItem\",\"position\":1,\"name\":\"Home\",\"item\":\"https:\\\/\\\/agenda-culturel-bf.com\\\/\"},{\"@type\":\"ListItem\",\"position\":2,\"name\":\"Th\u00e9\u00e2tre : Un spectacle improvis\u00e9 lors d&rsquo;un camp linguistique pour enfants \u00e0 Ouaga\"}]},{\"@type\":\"WebSite\",\"@id\":\"https:\\\/\\\/agenda-culturel-bf.com\\\/#website\",\"url\":\"https:\\\/\\\/agenda-culturel-bf.com\\\/\",\"name\":\"Agenda Culturel Burkina\",\"description\":\"\",\"publisher\":{\"@id\":\"https:\\\/\\\/agenda-culturel-bf.com\\\/#organization\"},\"potentialAction\":[{\"@type\":\"SearchAction\",\"target\":{\"@type\":\"EntryPoint\",\"urlTemplate\":\"https:\\\/\\\/agenda-culturel-bf.com\\\/?s={search_term_string}\"},\"query-input\":{\"@type\":\"PropertyValueSpecification\",\"valueRequired\":true,\"valueName\":\"search_term_string\"}}],\"inLanguage\":\"fr-FR\"},{\"@type\":\"Organization\",\"@id\":\"https:\\\/\\\/agenda-culturel-bf.com\\\/#organization\",\"name\":\"Agenda Culturel Burkina\",\"url\":\"https:\\\/\\\/agenda-culturel-bf.com\\\/\",\"logo\":{\"@type\":\"ImageObject\",\"inLanguage\":\"fr-FR\",\"@id\":\"https:\\\/\\\/agenda-culturel-bf.com\\\/#\\\/schema\\\/logo\\\/image\\\/\",\"url\":\"https:\\\/\\\/agenda-culturel-bf.com\\\/wp-content\\\/uploads\\\/2026\\\/07\\\/logo1.jpg\",\"contentUrl\":\"https:\\\/\\\/agenda-culturel-bf.com\\\/wp-content\\\/uploads\\\/2026\\\/07\\\/logo1.jpg\",\"width\":250,\"height\":250,\"caption\":\"Agenda Culturel Burkina\"},\"image\":{\"@id\":\"https:\\\/\\\/agenda-culturel-bf.com\\\/#\\\/schema\\\/logo\\\/image\\\/\"}},{\"@type\":\"Person\",\"@id\":\"https:\\\/\\\/agenda-culturel-bf.com\\\/#\\\/schema\\\/person\\\/d8068eb959233041a009440fbc9b48dd\",\"name\":\"Admin\",\"image\":{\"@type\":\"ImageObject\",\"inLanguage\":\"fr-FR\",\"@id\":\"https:\\\/\\\/secure.gravatar.com\\\/avatar\\\/7b133366f3aefc58e8c220f8912fc40cee1024290a2f146b827e79e190187c2b?s=96&d=mm&r=g\",\"url\":\"https:\\\/\\\/secure.gravatar.com\\\/avatar\\\/7b133366f3aefc58e8c220f8912fc40cee1024290a2f146b827e79e190187c2b?s=96&d=mm&r=g\",\"contentUrl\":\"https:\\\/\\\/secure.gravatar.com\\\/avatar\\\/7b133366f3aefc58e8c220f8912fc40cee1024290a2f146b827e79e190187c2b?s=96&d=mm&r=g\",\"caption\":\"Admin\"},\"url\":\"https:\\\/\\\/agenda-culturel-bf.com\\\/?author=2\"}]}<\/script>\n<!-- \/ Yoast SEO plugin. -->","yoast_head_json":{"title":"Th\u00e9\u00e2tre : Un spectacle improvis\u00e9 lors d'un camp linguistique pour enfants \u00e0 Ouaga - Agenda Culturel Burkina","robots":{"index":"index","follow":"follow","max-snippet":"max-snippet:-1","max-image-preview":"max-image-preview:large","max-video-preview":"max-video-preview:-1"},"canonical":"https:\/\/agenda-culturel-bf.com\/?p=1572","og_locale":"fr_FR","og_type":"article","og_title":"Th\u00e9\u00e2tre : Un spectacle improvis\u00e9 lors d'un camp linguistique pour enfants \u00e0 Ouaga - Agenda Culturel Burkina","og_description":"Ce samedi 29 ao\u00fbt 2026, un spectacle d\u2019improvisation th\u00e9\u00e2trale a \u00e9t\u00e9 organis\u00e9 au profit des enfants du Camp d\u2019Immersion Linguistique...","og_url":"https:\/\/agenda-culturel-bf.com\/?p=1572","og_site_name":"Agenda Culturel Burkina","article_published_time":"2026-08-30T18:07:22+00:00","og_image":[{"width":664,"height":446,"url":"https:\/\/agenda-culturel-bf.com\/wp-content\/uploads\/2026\/08\/IMG-20260830-WA0054-1.jpg","type":"image\/jpeg"}],"author":"Admin","twitter_card":"summary_large_image","twitter_misc":{"\u00c9crit par":"Admin","Dur\u00e9e de lecture estim\u00e9e":"2 minutes"},"schema":{"@context":"https:\/\/schema.org","@graph":[{"@type":"Article","@id":"https:\/\/agenda-culturel-bf.com\/?p=1572#article","isPartOf":{"@id":"https:\/\/agenda-culturel-bf.com\/?p=1572"},"author":{"name":"Admin","@id":"https:\/\/agenda-culturel-bf.com\/#\/schema\/person\/d8068eb959233041a009440fbc9b48dd"},"headline":"Th\u00e9\u00e2tre : Un spectacle improvis\u00e9 lors d&rsquo;un camp linguistique pour enfants \u00e0 Ouaga","datePublished":"2026-08-30T18:07:22+00:00","mainEntityOfPage":{"@id":"https:\/\/agenda-culturel-bf.com\/?p=1572"},"wordCount":231,"commentCount":0,"publisher":{"@id":"https:\/\/agenda-culturel-bf.com\/#organization"},"image":{"@id":"https:\/\/agenda-culturel-bf.com\/?p=1572#primaryimage"},"thumbnailUrl":"https:\/\/agenda-culturel-bf.com\/wp-content\/uploads\/2026\/08\/IMG-20260830-WA0054-1.jpg","keywords":["Art du spectacle","Th\u00e9\u00e2tre"],"articleSection":["Th\u00e9\u00e2tre"],"inLanguage":"fr-FR","potentialAction":[{"@type":"CommentAction","name":"Comment","target":["https:\/\/agenda-culturel-bf.com\/?p=1572#respond"]}]},{"@type":"WebPage","@id":"https:\/\/agenda-culturel-bf.com\/?p=1572","url":"https:\/\/agenda-culturel-bf.com\/?p=1572","name":"Th\u00e9\u00e2tre : Un spectacle improvis\u00e9 lors d'un camp linguistique pour enfants \u00e0 Ouaga - Agenda Culturel Burkina","isPartOf":{"@id":"https:\/\/agenda-culturel-bf.com\/#website"},"primaryImageOfPage":{"@id":"https:\/\/agenda-culturel-bf.com\/?p=1572#primaryimage"},"image":{"@id":"https:\/\/agenda-culturel-bf.com\/?p=1572#primaryimage"},"thumbnailUrl":"https:\/\/agenda-culturel-bf.com\/wp-content\/uploads\/2026\/08\/IMG-20260830-WA0054-1.jpg","datePublished":"2026-08-30T18:07:22+00:00","breadcrumb":{"@id":"https:\/\/agenda-culturel-bf.com\/?p=1572#breadcrumb"},"inLanguage":"fr-FR","potentialAction":[{"@type":"ReadAction","target":["https:\/\/agenda-culturel-bf.com\/?p=1572"]}]},{"@type":"ImageObject","inLanguage":"fr-FR","@id":"https:\/\/agenda-culturel-bf.com\/?p=1572#primaryimage","url":"https:\/\/agenda-culturel-bf.com\/wp-content\/uploads\/2026\/08\/IMG-20260830-WA0054-1.jpg","contentUrl":"https:\/\/agenda-culturel-bf.com\/wp-content\/uploads\/2026\/08\/IMG-20260830-WA0054-1.jpg","width":664,"height":446},{"@type":"BreadcrumbList","@id":"https:\/\/agenda-culturel-bf.com\/?p=1572#breadcrumb","itemListElement":[{"@type":"ListItem","position":1,"name":"Home","item":"https:\/\/agenda-culturel-bf.com\/"},{"@type":"ListItem","position":2,"name":"Th\u00e9\u00e2tre : Un spectacle improvis\u00e9 lors d&rsquo;un camp linguistique pour enfants \u00e0 Ouaga"}]},{"@type":"WebSite","@id":"https:\/\/agenda-culturel-bf.com\/#website","url":"https:\/\/agenda-culturel-bf.com\/","name":"Agenda Culturel Burkina","description":"","publisher":{"@id":"https:\/\/agenda-culturel-bf.com\/#organization"},"potentialAction":[{"@type":"SearchAction","target":{"@type":"EntryPoint","urlTemplate":"https:\/\/agenda-culturel-bf.com\/?s={search_term_string}"},"query-input":{"@type":"PropertyValueSpecification","valueRequired":true,"valueName":"search_term_string"}}],"inLanguage":"fr-FR"},{"@type":"Organization","@id":"https:\/\/agenda-culturel-bf.com\/#organization","name":"Agenda Culturel Burkina","url":"https:\/\/agenda-culturel-bf.com\/","logo":{"@type":"ImageObject","inLanguage":"fr-FR","@id":"https:\/\/agenda-culturel-bf.com\/#\/schema\/logo\/image\/","url":"https:\/\/agenda-culturel-bf.com\/wp-content\/uploads\/2026\/07\/logo1.jpg","contentUrl":"https:\/\/agenda-culturel-bf.com\/wp-content\/uploads\/2026\/07\/logo1.jpg","width":250,"height":250,"caption":"Agenda Culturel Burkina"},"image":{"@id":"https:\/\/agenda-culturel-bf.com\/#\/schema\/logo\/image\/"}},{"@type":"Person","@id":"https:\/\/agenda-culturel-bf.com\/#\/schema\/person\/d8068eb959233041a009440fbc9b48dd","name":"Admin","image":{"@type":"ImageObject","inLanguage":"fr-FR","@id":"https:\/\/secure.gravatar.com\/avatar\/7b133366f3aefc58e8c220f8912fc40cee1024290a2f146b827e79e190187c2b?s=96&d=mm&r=g","url":"https:\/\/secure.gravatar.com\/avatar\/7b133366f3aefc58e8c220f8912fc40cee1024290a2f146b827e79e190187c2b?s=96&d=mm&r=g","contentUrl":"https:\/\/secure.gravatar.com\/avatar\/7b133366f3aefc58e8c220f8912fc40cee1024290a2f146b827e79e190187c2b?s=96&d=mm&r=g","caption":"Admin"},"url":"https:\/\/agenda-culturel-bf.com\/?author=2"}]}},"_links":{"self":[{"href":"https:\/\/agenda-culturel-bf.com\/index.php?rest_route=\/wp\/v2\/posts\/1572","targetHints":{"allow":["GET"]}}],"collection":[{"href":"https:\/\/agenda-culturel-bf.com\/index.php?rest_route=\/wp\/v2\/posts"}],"about":[{"href":"https:\/\/agenda-culturel-bf.com\/index.php?rest_route=\/wp\/v2\/types\/post"}],"author":[{"embeddable":true,"href":"https:\/\/agenda-culturel-bf.com\/index.php?rest_route=\/wp\/v2\/users\/2"}],"replies":[{"embeddable":true,"href":"https:\/\/agenda-culturel-bf.com\/index.php?rest_route=%2Fwp%2Fv2%2Fcomments&post=1572"}],"version-history":[{"count":1,"href":"https:\/\/agenda-culturel-bf.com\/index.php?rest_route=\/wp\/v2\/posts\/1572\/revisions"}],"predecessor-version":[{"id":1576,"href":"https:\/\/agenda-culturel-bf.com\/index.php?rest_route=\/wp\/v2\/posts\/1572\/revisions\/1576"}],"wp:featuredmedia":[{"embeddable":true,"href":"https:\/\/agenda-culturel-bf.com\/index.php?rest_route=\/wp\/v2\/media\/1574"}],"wp:attachment":[{"href":"https:\/\/agenda-culturel-bf.com\/index.php?rest_route=%2Fwp%2Fv2%2Fmedia&parent=1572"}],"wp:term":[{"taxonomy":"category","embeddable":true,"href":"https:\/\/agenda-culturel-bf.com\/index.php?rest_route=%2Fwp%2Fv2%2Fcategories&post=1572"},{"taxonomy":"post_tag","embeddable":true,"href":"https:\/\/agenda-culturel-bf.com\/index.php?rest_route=%2Fwp%2Fv2%2Ftags&post=1572"}],"curies":[{"name":"wp","href":"https:\/\/api.w.org\/{rel}","templated":true}]}}