
{"id":1555,"date":"2026-08-28T13:08:33","date_gmt":"2026-08-28T13:08:33","guid":{"rendered":"https:\/\/agenda-culturel-bf.com\/?p=1555"},"modified":"2026-08-28T13:10:07","modified_gmt":"2026-08-28T13:10:07","slug":"burkina-le-ministre-de-la-culture-visite-les-ateliers-djongo-de-lartiste-bil-aka-kora","status":"publish","type":"post","link":"https:\/\/agenda-culturel-bf.com\/?p=1555","title":{"rendered":"Burkina : le Ministre de la culture visite les \u00ab\u00a0Ateliers Djongo\u00a0\u00bb de l&rsquo;artiste Bil Aka KORA"},"content":{"rendered":"<p>Le Ministre en charge de la Culture, des Arts et du Tourisme, Pingdwend\u00e9 Gilbert OUEDRAOGO a visit\u00e9 les ateliers Djongo, ce jeudi 27 ao\u00fbt 2026, \u00e0 Ouagadougou.<\/p>\n<p>L&rsquo;Acad\u00e9mie Assoura en partenariat avec le Studio Ni Wongo, organise les ateliers Djongo sous le signe de la d\u00e9couverte, la valorisation et la transmission des savoirs endog\u00e8nes. Le Ministre Pindgwend\u00e9 Gilbert OUEDRAOGO a tenu \u00e0 faire le d\u00e9placement pour encourager cette initiative de l&rsquo;artiste burkinab\u00e8 Bil Aka KORA. Une visite qui a permis au chef du d\u00e9partement de la Culture et des Arts de d\u00e9couvrir un pan du riche patrimoine Kassena \u00e0 travers la danse Djongo. Ces ateliers se d\u00e9rouleront durant un mois et concerneront la percussion, le chant et la danse.<\/p>\n<p>\u00ab\u00a0Nous disons merci \u00e0 Bil Aka KORA et nous lui rendons hommage pour ce qu&rsquo;il fait pour le Burkina Faso, parce que de fa\u00e7on libre et volontaire mais simplement convaincu de l&rsquo;importance de la culture, il prend sur lui l&rsquo;initiative de cr\u00e9er ce laboratoire et d&rsquo;encadrer des Burkinab\u00e8 pour transmettre des valeurs sociales et culturelles\u00a0\u00bb, a salu\u00e9 le Ministre.<\/p>\n<figure id=\"attachment_1556\" aria-describedby=\"caption-attachment-1556\" style=\"width: 300px\" class=\"wp-caption aligncenter\"><img class=\"size-medium wp-image-1556\"  alt=\"\" width=\"300\" height=\"179\" \/ loading=\"eager\" fetchpriority=\"high\" decoding=\"async\" src=\"https:\/\/agenda-culturel-bf.com\/wp-content\/uploads\/2026\/08\/FB_IMG_1787922054304-300x179.jpg\" srcset=\"https:\/\/agenda-culturel-bf.com\/wp-content\/uploads\/2026\/08\/FB_IMG_1787922054304-300x179.jpg 300w, https:\/\/agenda-culturel-bf.com\/wp-content\/uploads\/2026\/08\/FB_IMG_1787922054304-1024x611.jpg 1024w, https:\/\/agenda-culturel-bf.com\/wp-content\/uploads\/2026\/08\/FB_IMG_1787922054304-768x458.jpg 768w, https:\/\/agenda-culturel-bf.com\/wp-content\/uploads\/2026\/08\/FB_IMG_1787922054304-1536x917.jpg 1536w, https:\/\/agenda-culturel-bf.com\/wp-content\/uploads\/2026\/08\/FB_IMG_1787922054304.jpg 2048w\" sizes=\"(max-width: 300px) 100vw, 300px\" \/><figcaption id=\"caption-attachment-1556\" class=\"wp-caption-text\"><em>D\u00e9monstration des apprenants du centre<\/em><\/figcaption><\/figure>\n<p>Le promoteur de l&rsquo;Acad\u00e9mie Assoura, Bil Aka KORA, a dit toute sa joie et sa reconnaissance de recevoir le chef du d\u00e9partement de la Culture. L&rsquo;Acad\u00e9mie Assoura des M\u00e9tiers de la Musique s\u2019inscrit dans une dynamique de structuration et de professionnalisation du secteur musical au Burkina Faso.<\/p>\n<p><strong>DCRP\/MCCAT<\/strong><\/p>\n<p><strong>Agenda culturel Burkina\u00a0<\/strong><\/p>\n","protected":false},"excerpt":{"rendered":"<p>Le Ministre en charge de la Culture, des Arts et du Tourisme, Pingdwend\u00e9 Gilbert OUEDRAOGO a visit\u00e9 les ateliers Djongo,&#8230;<\/p>\n","protected":false},"author":2,"featured_media":1557,"comment_status":"open","ping_status":"open","sticky":false,"template":"","format":"standard","meta":{"footnotes":""},"categories":[38],"tags":[63,47],"class_list":["post-1555","post","type-post","status-publish","format-standard","has-post-thumbnail","hentry","category-art-culture","tag-bil-aka-kora","tag-burkina-faso"],"yoast_head":"<!-- This site is optimized with the Yoast SEO plugin v28.4 - https:\/\/yoast.com\/product\/yoast-seo-wordpress\/ -->\n<title>Burkina : le Ministre de la culture visite les &quot;Ateliers Djongo&quot; de l&#039;artiste Bil Aka KORA - Agenda Culturel Burkina<\/title>\n<meta name=\"robots\" content=\"index, follow, max-snippet:-1, max-image-preview:large, max-video-preview:-1\" \/>\n<link rel=\"canonical\" href=\"https:\/\/agenda-culturel-bf.com\/?p=1555\" \/>\n<meta property=\"og:locale\" content=\"fr_FR\" \/>\n<meta property=\"og:type\" content=\"article\" \/>\n<meta property=\"og:title\" content=\"Burkina : le Ministre de la culture visite les &quot;Ateliers Djongo&quot; de l&#039;artiste Bil Aka KORA - Agenda Culturel Burkina\" \/>\n<meta property=\"og:description\" content=\"Le Ministre en charge de la Culture, des Arts et du Tourisme, Pingdwend\u00e9 Gilbert OUEDRAOGO a visit\u00e9 les ateliers Djongo,...\" \/>\n<meta property=\"og:url\" content=\"https:\/\/agenda-culturel-bf.com\/?p=1555\" \/>\n<meta property=\"og:site_name\" content=\"Agenda Culturel Burkina\" \/>\n<meta property=\"article:published_time\" content=\"2026-08-28T13:08:33+00:00\" \/>\n<meta property=\"article:modified_time\" content=\"2026-08-28T13:10:07+00:00\" \/>\n<meta property=\"og:image\" content=\"https:\/\/agenda-culturel-bf.com\/wp-content\/uploads\/2026\/08\/FB_IMG_1787921988178.jpg\" \/>\n\t<meta property=\"og:image:width\" content=\"2048\" \/>\n\t<meta property=\"og:image:height\" content=\"1850\" \/>\n\t<meta property=\"og:image:type\" content=\"image\/jpeg\" \/>\n<meta name=\"author\" content=\"Admin\" \/>\n<meta name=\"twitter:card\" content=\"summary_large_image\" \/>\n<meta name=\"twitter:label1\" content=\"\u00c9crit par\" \/>\n\t<meta name=\"twitter:data1\" content=\"Admin\" \/>\n\t<meta name=\"twitter:label2\" content=\"Dur\u00e9e de lecture estim\u00e9e\" \/>\n\t<meta name=\"twitter:data2\" content=\"2 minutes\" \/>\n<script type=\"application\/ld+json\" class=\"yoast-schema-graph\">{\"@context\":\"https:\\\/\\\/schema.org\",\"@graph\":[{\"@type\":\"Article\",\"@id\":\"https:\\\/\\\/agenda-culturel-bf.com\\\/?p=1555#article\",\"isPartOf\":{\"@id\":\"https:\\\/\\\/agenda-culturel-bf.com\\\/?p=1555\"},\"author\":{\"name\":\"Admin\",\"@id\":\"https:\\\/\\\/agenda-culturel-bf.com\\\/#\\\/schema\\\/person\\\/d8068eb959233041a009440fbc9b48dd\"},\"headline\":\"Burkina : le Ministre de la culture visite les \u00ab\u00a0Ateliers Djongo\u00a0\u00bb de l&rsquo;artiste Bil Aka KORA\",\"datePublished\":\"2026-08-28T13:08:33+00:00\",\"dateModified\":\"2026-08-28T13:10:07+00:00\",\"mainEntityOfPage\":{\"@id\":\"https:\\\/\\\/agenda-culturel-bf.com\\\/?p=1555\"},\"wordCount\":276,\"commentCount\":0,\"publisher\":{\"@id\":\"https:\\\/\\\/agenda-culturel-bf.com\\\/#organization\"},\"image\":{\"@id\":\"https:\\\/\\\/agenda-culturel-bf.com\\\/?p=1555#primaryimage\"},\"thumbnailUrl\":\"https:\\\/\\\/agenda-culturel-bf.com\\\/wp-content\\\/uploads\\\/2026\\\/08\\\/FB_IMG_1787921988178.jpg\",\"keywords\":[\"Bil Aka KORA\",\"Burkina Faso\"],\"articleSection\":[\"Art &amp; Culture\"],\"inLanguage\":\"fr-FR\",\"potentialAction\":[{\"@type\":\"CommentAction\",\"name\":\"Comment\",\"target\":[\"https:\\\/\\\/agenda-culturel-bf.com\\\/?p=1555#respond\"]}]},{\"@type\":\"WebPage\",\"@id\":\"https:\\\/\\\/agenda-culturel-bf.com\\\/?p=1555\",\"url\":\"https:\\\/\\\/agenda-culturel-bf.com\\\/?p=1555\",\"name\":\"Burkina : le Ministre de la culture visite les \\\"Ateliers Djongo\\\" de l'artiste Bil Aka KORA - Agenda Culturel Burkina\",\"isPartOf\":{\"@id\":\"https:\\\/\\\/agenda-culturel-bf.com\\\/#website\"},\"primaryImageOfPage\":{\"@id\":\"https:\\\/\\\/agenda-culturel-bf.com\\\/?p=1555#primaryimage\"},\"image\":{\"@id\":\"https:\\\/\\\/agenda-culturel-bf.com\\\/?p=1555#primaryimage\"},\"thumbnailUrl\":\"https:\\\/\\\/agenda-culturel-bf.com\\\/wp-content\\\/uploads\\\/2026\\\/08\\\/FB_IMG_1787921988178.jpg\",\"datePublished\":\"2026-08-28T13:08:33+00:00\",\"dateModified\":\"2026-08-28T13:10:07+00:00\",\"breadcrumb\":{\"@id\":\"https:\\\/\\\/agenda-culturel-bf.com\\\/?p=1555#breadcrumb\"},\"inLanguage\":\"fr-FR\",\"potentialAction\":[{\"@type\":\"ReadAction\",\"target\":[\"https:\\\/\\\/agenda-culturel-bf.com\\\/?p=1555\"]}]},{\"@type\":\"ImageObject\",\"inLanguage\":\"fr-FR\",\"@id\":\"https:\\\/\\\/agenda-culturel-bf.com\\\/?p=1555#primaryimage\",\"url\":\"https:\\\/\\\/agenda-culturel-bf.com\\\/wp-content\\\/uploads\\\/2026\\\/08\\\/FB_IMG_1787921988178.jpg\",\"contentUrl\":\"https:\\\/\\\/agenda-culturel-bf.com\\\/wp-content\\\/uploads\\\/2026\\\/08\\\/FB_IMG_1787921988178.jpg\",\"width\":2048,\"height\":1850},{\"@type\":\"BreadcrumbList\",\"@id\":\"https:\\\/\\\/agenda-culturel-bf.com\\\/?p=1555#breadcrumb\",\"itemListElement\":[{\"@type\":\"ListItem\",\"position\":1,\"name\":\"Home\",\"item\":\"https:\\\/\\\/agenda-culturel-bf.com\\\/\"},{\"@type\":\"ListItem\",\"position\":2,\"name\":\"Burkina : le Ministre de la culture visite les \u00ab\u00a0Ateliers Djongo\u00a0\u00bb de l&rsquo;artiste Bil Aka KORA\"}]},{\"@type\":\"WebSite\",\"@id\":\"https:\\\/\\\/agenda-culturel-bf.com\\\/#website\",\"url\":\"https:\\\/\\\/agenda-culturel-bf.com\\\/\",\"name\":\"Agenda Culturel Burkina\",\"description\":\"\",\"publisher\":{\"@id\":\"https:\\\/\\\/agenda-culturel-bf.com\\\/#organization\"},\"potentialAction\":[{\"@type\":\"SearchAction\",\"target\":{\"@type\":\"EntryPoint\",\"urlTemplate\":\"https:\\\/\\\/agenda-culturel-bf.com\\\/?s={search_term_string}\"},\"query-input\":{\"@type\":\"PropertyValueSpecification\",\"valueRequired\":true,\"valueName\":\"search_term_string\"}}],\"inLanguage\":\"fr-FR\"},{\"@type\":\"Organization\",\"@id\":\"https:\\\/\\\/agenda-culturel-bf.com\\\/#organization\",\"name\":\"Agenda Culturel Burkina\",\"url\":\"https:\\\/\\\/agenda-culturel-bf.com\\\/\",\"logo\":{\"@type\":\"ImageObject\",\"inLanguage\":\"fr-FR\",\"@id\":\"https:\\\/\\\/agenda-culturel-bf.com\\\/#\\\/schema\\\/logo\\\/image\\\/\",\"url\":\"https:\\\/\\\/agenda-culturel-bf.com\\\/wp-content\\\/uploads\\\/2026\\\/07\\\/logo1.jpg\",\"contentUrl\":\"https:\\\/\\\/agenda-culturel-bf.com\\\/wp-content\\\/uploads\\\/2026\\\/07\\\/logo1.jpg\",\"width\":250,\"height\":250,\"caption\":\"Agenda Culturel Burkina\"},\"image\":{\"@id\":\"https:\\\/\\\/agenda-culturel-bf.com\\\/#\\\/schema\\\/logo\\\/image\\\/\"}},{\"@type\":\"Person\",\"@id\":\"https:\\\/\\\/agenda-culturel-bf.com\\\/#\\\/schema\\\/person\\\/d8068eb959233041a009440fbc9b48dd\",\"name\":\"Admin\",\"image\":{\"@type\":\"ImageObject\",\"inLanguage\":\"fr-FR\",\"@id\":\"https:\\\/\\\/secure.gravatar.com\\\/avatar\\\/7b133366f3aefc58e8c220f8912fc40cee1024290a2f146b827e79e190187c2b?s=96&d=mm&r=g\",\"url\":\"https:\\\/\\\/secure.gravatar.com\\\/avatar\\\/7b133366f3aefc58e8c220f8912fc40cee1024290a2f146b827e79e190187c2b?s=96&d=mm&r=g\",\"contentUrl\":\"https:\\\/\\\/secure.gravatar.com\\\/avatar\\\/7b133366f3aefc58e8c220f8912fc40cee1024290a2f146b827e79e190187c2b?s=96&d=mm&r=g\",\"caption\":\"Admin\"},\"url\":\"https:\\\/\\\/agenda-culturel-bf.com\\\/?author=2\"}]}<\/script>\n<!-- \/ Yoast SEO plugin. -->","yoast_head_json":{"title":"Burkina : le Ministre de la culture visite les \"Ateliers Djongo\" de l'artiste Bil Aka KORA - Agenda Culturel Burkina","robots":{"index":"index","follow":"follow","max-snippet":"max-snippet:-1","max-image-preview":"max-image-preview:large","max-video-preview":"max-video-preview:-1"},"canonical":"https:\/\/agenda-culturel-bf.com\/?p=1555","og_locale":"fr_FR","og_type":"article","og_title":"Burkina : le Ministre de la culture visite les \"Ateliers Djongo\" de l'artiste Bil Aka KORA - Agenda Culturel Burkina","og_description":"Le Ministre en charge de la Culture, des Arts et du Tourisme, Pingdwend\u00e9 Gilbert OUEDRAOGO a visit\u00e9 les ateliers Djongo,...","og_url":"https:\/\/agenda-culturel-bf.com\/?p=1555","og_site_name":"Agenda Culturel Burkina","article_published_time":"2026-08-28T13:08:33+00:00","article_modified_time":"2026-08-28T13:10:07+00:00","og_image":[{"width":2048,"height":1850,"url":"https:\/\/agenda-culturel-bf.com\/wp-content\/uploads\/2026\/08\/FB_IMG_1787921988178.jpg","type":"image\/jpeg"}],"author":"Admin","twitter_card":"summary_large_image","twitter_misc":{"\u00c9crit par":"Admin","Dur\u00e9e de lecture estim\u00e9e":"2 minutes"},"schema":{"@context":"https:\/\/schema.org","@graph":[{"@type":"Article","@id":"https:\/\/agenda-culturel-bf.com\/?p=1555#article","isPartOf":{"@id":"https:\/\/agenda-culturel-bf.com\/?p=1555"},"author":{"name":"Admin","@id":"https:\/\/agenda-culturel-bf.com\/#\/schema\/person\/d8068eb959233041a009440fbc9b48dd"},"headline":"Burkina : le Ministre de la culture visite les \u00ab\u00a0Ateliers Djongo\u00a0\u00bb de l&rsquo;artiste Bil Aka KORA","datePublished":"2026-08-28T13:08:33+00:00","dateModified":"2026-08-28T13:10:07+00:00","mainEntityOfPage":{"@id":"https:\/\/agenda-culturel-bf.com\/?p=1555"},"wordCount":276,"commentCount":0,"publisher":{"@id":"https:\/\/agenda-culturel-bf.com\/#organization"},"image":{"@id":"https:\/\/agenda-culturel-bf.com\/?p=1555#primaryimage"},"thumbnailUrl":"https:\/\/agenda-culturel-bf.com\/wp-content\/uploads\/2026\/08\/FB_IMG_1787921988178.jpg","keywords":["Bil Aka KORA","Burkina Faso"],"articleSection":["Art &amp; Culture"],"inLanguage":"fr-FR","potentialAction":[{"@type":"CommentAction","name":"Comment","target":["https:\/\/agenda-culturel-bf.com\/?p=1555#respond"]}]},{"@type":"WebPage","@id":"https:\/\/agenda-culturel-bf.com\/?p=1555","url":"https:\/\/agenda-culturel-bf.com\/?p=1555","name":"Burkina : le Ministre de la culture visite les \"Ateliers Djongo\" de l'artiste Bil Aka KORA - Agenda Culturel Burkina","isPartOf":{"@id":"https:\/\/agenda-culturel-bf.com\/#website"},"primaryImageOfPage":{"@id":"https:\/\/agenda-culturel-bf.com\/?p=1555#primaryimage"},"image":{"@id":"https:\/\/agenda-culturel-bf.com\/?p=1555#primaryimage"},"thumbnailUrl":"https:\/\/agenda-culturel-bf.com\/wp-content\/uploads\/2026\/08\/FB_IMG_1787921988178.jpg","datePublished":"2026-08-28T13:08:33+00:00","dateModified":"2026-08-28T13:10:07+00:00","breadcrumb":{"@id":"https:\/\/agenda-culturel-bf.com\/?p=1555#breadcrumb"},"inLanguage":"fr-FR","potentialAction":[{"@type":"ReadAction","target":["https:\/\/agenda-culturel-bf.com\/?p=1555"]}]},{"@type":"ImageObject","inLanguage":"fr-FR","@id":"https:\/\/agenda-culturel-bf.com\/?p=1555#primaryimage","url":"https:\/\/agenda-culturel-bf.com\/wp-content\/uploads\/2026\/08\/FB_IMG_1787921988178.jpg","contentUrl":"https:\/\/agenda-culturel-bf.com\/wp-content\/uploads\/2026\/08\/FB_IMG_1787921988178.jpg","width":2048,"height":1850},{"@type":"BreadcrumbList","@id":"https:\/\/agenda-culturel-bf.com\/?p=1555#breadcrumb","itemListElement":[{"@type":"ListItem","position":1,"name":"Home","item":"https:\/\/agenda-culturel-bf.com\/"},{"@type":"ListItem","position":2,"name":"Burkina : le Ministre de la culture visite les \u00ab\u00a0Ateliers Djongo\u00a0\u00bb de l&rsquo;artiste Bil Aka KORA"}]},{"@type":"WebSite","@id":"https:\/\/agenda-culturel-bf.com\/#website","url":"https:\/\/agenda-culturel-bf.com\/","name":"Agenda Culturel Burkina","description":"","publisher":{"@id":"https:\/\/agenda-culturel-bf.com\/#organization"},"potentialAction":[{"@type":"SearchAction","target":{"@type":"EntryPoint","urlTemplate":"https:\/\/agenda-culturel-bf.com\/?s={search_term_string}"},"query-input":{"@type":"PropertyValueSpecification","valueRequired":true,"valueName":"search_term_string"}}],"inLanguage":"fr-FR"},{"@type":"Organization","@id":"https:\/\/agenda-culturel-bf.com\/#organization","name":"Agenda Culturel Burkina","url":"https:\/\/agenda-culturel-bf.com\/","logo":{"@type":"ImageObject","inLanguage":"fr-FR","@id":"https:\/\/agenda-culturel-bf.com\/#\/schema\/logo\/image\/","url":"https:\/\/agenda-culturel-bf.com\/wp-content\/uploads\/2026\/07\/logo1.jpg","contentUrl":"https:\/\/agenda-culturel-bf.com\/wp-content\/uploads\/2026\/07\/logo1.jpg","width":250,"height":250,"caption":"Agenda Culturel Burkina"},"image":{"@id":"https:\/\/agenda-culturel-bf.com\/#\/schema\/logo\/image\/"}},{"@type":"Person","@id":"https:\/\/agenda-culturel-bf.com\/#\/schema\/person\/d8068eb959233041a009440fbc9b48dd","name":"Admin","image":{"@type":"ImageObject","inLanguage":"fr-FR","@id":"https:\/\/secure.gravatar.com\/avatar\/7b133366f3aefc58e8c220f8912fc40cee1024290a2f146b827e79e190187c2b?s=96&d=mm&r=g","url":"https:\/\/secure.gravatar.com\/avatar\/7b133366f3aefc58e8c220f8912fc40cee1024290a2f146b827e79e190187c2b?s=96&d=mm&r=g","contentUrl":"https:\/\/secure.gravatar.com\/avatar\/7b133366f3aefc58e8c220f8912fc40cee1024290a2f146b827e79e190187c2b?s=96&d=mm&r=g","caption":"Admin"},"url":"https:\/\/agenda-culturel-bf.com\/?author=2"}]}},"_links":{"self":[{"href":"https:\/\/agenda-culturel-bf.com\/index.php?rest_route=\/wp\/v2\/posts\/1555","targetHints":{"allow":["GET"]}}],"collection":[{"href":"https:\/\/agenda-culturel-bf.com\/index.php?rest_route=\/wp\/v2\/posts"}],"about":[{"href":"https:\/\/agenda-culturel-bf.com\/index.php?rest_route=\/wp\/v2\/types\/post"}],"author":[{"embeddable":true,"href":"https:\/\/agenda-culturel-bf.com\/index.php?rest_route=\/wp\/v2\/users\/2"}],"replies":[{"embeddable":true,"href":"https:\/\/agenda-culturel-bf.com\/index.php?rest_route=%2Fwp%2Fv2%2Fcomments&post=1555"}],"version-history":[{"count":3,"href":"https:\/\/agenda-culturel-bf.com\/index.php?rest_route=\/wp\/v2\/posts\/1555\/revisions"}],"predecessor-version":[{"id":1560,"href":"https:\/\/agenda-culturel-bf.com\/index.php?rest_route=\/wp\/v2\/posts\/1555\/revisions\/1560"}],"wp:featuredmedia":[{"embeddable":true,"href":"https:\/\/agenda-culturel-bf.com\/index.php?rest_route=\/wp\/v2\/media\/1557"}],"wp:attachment":[{"href":"https:\/\/agenda-culturel-bf.com\/index.php?rest_route=%2Fwp%2Fv2%2Fmedia&parent=1555"}],"wp:term":[{"taxonomy":"category","embeddable":true,"href":"https:\/\/agenda-culturel-bf.com\/index.php?rest_route=%2Fwp%2Fv2%2Fcategories&post=1555"},{"taxonomy":"post_tag","embeddable":true,"href":"https:\/\/agenda-culturel-bf.com\/index.php?rest_route=%2Fwp%2Fv2%2Ftags&post=1555"}],"curies":[{"name":"wp","href":"https:\/\/api.w.org\/{rel}","templated":true}]}}