
{"id":1516,"date":"2026-08-27T14:18:18","date_gmt":"2026-08-27T14:18:18","guid":{"rendered":"https:\/\/agenda-culturel-bf.com\/?p=1516"},"modified":"2026-08-27T14:18:18","modified_gmt":"2026-08-27T14:18:18","slug":"culture-le-bbda-renforce-ses-partenariats-strategiques-a-bobo-dioulasso","status":"publish","type":"post","link":"https:\/\/agenda-culturel-bf.com\/?p=1516","title":{"rendered":"Culture : Le BBDA renforce ses partenariats strat\u00e9giques \u00e0 Bobo Dioulasso"},"content":{"rendered":"<p>A Bobo-Dioulasso, le Directeur G\u00e9n\u00e9ral du Bureau Burkinab\u00e8 du Droit d\u2019Auteur (BBDA), Zita Daniel BONZI, a poursuivi sa tourn\u00e9e de prise de contact \u00e0 travers une s\u00e9rie de rencontres avec plusieurs partenaires strat\u00e9giques de l\u2019institution.<\/p>\n<p>Accompagn\u00e9 de sa d\u00e9l\u00e9gation, le Directeur G\u00e9n\u00e9ral a successivement \u00e9t\u00e9 re\u00e7u par le Gouverneur de la R\u00e9gion du Guiriko, le Directeur R\u00e9gional des Douanes, le Commandant de la deuxi\u00e8me L\u00e9gion de la Gendarmerie Nationale et le Directeur R\u00e9gional de la Police Nationale.<img class=\"size-medium wp-image-1517 aligncenter\"  alt=\"\" width=\"300\" height=\"200\" \/ loading=\"eager\" fetchpriority=\"high\" decoding=\"async\" src=\"https:\/\/agenda-culturel-bf.com\/wp-content\/uploads\/2026\/08\/FB_IMG_1787839376925-300x200.jpg\" srcset=\"https:\/\/agenda-culturel-bf.com\/wp-content\/uploads\/2026\/08\/FB_IMG_1787839376925-300x200.jpg 300w, https:\/\/agenda-culturel-bf.com\/wp-content\/uploads\/2026\/08\/FB_IMG_1787839376925-1024x683.jpg 1024w, https:\/\/agenda-culturel-bf.com\/wp-content\/uploads\/2026\/08\/FB_IMG_1787839376925-768x512.jpg 768w, https:\/\/agenda-culturel-bf.com\/wp-content\/uploads\/2026\/08\/FB_IMG_1787839376925.jpg 1032w\" sizes=\"(max-width: 300px) 100vw, 300px\" \/><\/p>\n<p>Ces diff\u00e9rentes rencontres ont \u00e9t\u00e9 l\u2019occasion pour le Directeur G\u00e9n\u00e9ral de pr\u00e9senter les missions du BBDA, ses principaux chantiers ainsi que les orientations engag\u00e9es pour renforcer l\u2019efficacit\u00e9 de la gestion collective du droit d\u2019auteur et des droits voisins. Il a \u00e9galement salu\u00e9 l\u2019engagement et l\u2019accompagnement des diff\u00e9rents partenaires, tout en plaidant pour la poursuite et le renforcement de cette collaboration, indispensable \u00e0 l\u2019accomplissement des missions de l\u2019institution.<\/p>\n<p>La d\u00e9l\u00e9gation a ensuite \u00e9chang\u00e9 avec les responsables de l\u2019Association des h\u00f4teliers et restaurateurs, \u00e0 l\u2019Espace GANA. Cette rencontre a permis de saluer la qualit\u00e9 de la collaboration entre le BBDA et les professionnels du secteur dans le cadre du recouvrement des redevances de droit d\u2019auteur.<\/p>\n<p>Les repr\u00e9sentants des utilisateurs d\u2019\u0153uvres ont, pour leur part, reconnu les efforts du BBDA dans l\u2019am\u00e9lioration de ses m\u00e9thodes de recouvrement et salu\u00e9 la d\u00e9marche de proximit\u00e9 engag\u00e9e par la Direction g\u00e9n\u00e9rale.<\/p>\n<p>&nbsp;<\/p>\n<p><strong>Agenda culturel Burkina\u00a0<\/strong><\/p>\n<p><strong>SCP \/ BBDA<\/strong><\/p>\n","protected":false},"excerpt":{"rendered":"<p>A Bobo-Dioulasso, le Directeur G\u00e9n\u00e9ral du Bureau Burkinab\u00e8 du Droit d\u2019Auteur (BBDA), Zita Daniel BONZI, a poursuivi sa tourn\u00e9e de&#8230;<\/p>\n","protected":false},"author":2,"featured_media":1518,"comment_status":"open","ping_status":"open","sticky":false,"template":"","format":"standard","meta":{"footnotes":""},"categories":[1,38],"tags":[57,54,47,42],"class_list":["post-1516","post","type-post","status-publish","format-standard","has-post-thumbnail","hentry","category-actu","category-art-culture","tag-art","tag-bbda","tag-burkina-faso","tag-culture"],"yoast_head":"<!-- This site is optimized with the Yoast SEO plugin v28.4 - https:\/\/yoast.com\/product\/yoast-seo-wordpress\/ -->\n<title>Culture : Le BBDA renforce ses partenariats strat\u00e9giques \u00e0 Bobo Dioulasso - Agenda Culturel Burkina<\/title>\n<meta name=\"robots\" content=\"index, follow, max-snippet:-1, max-image-preview:large, max-video-preview:-1\" \/>\n<link rel=\"canonical\" href=\"https:\/\/agenda-culturel-bf.com\/?p=1516\" \/>\n<meta property=\"og:locale\" content=\"fr_FR\" \/>\n<meta property=\"og:type\" content=\"article\" \/>\n<meta property=\"og:title\" content=\"Culture : Le BBDA renforce ses partenariats strat\u00e9giques \u00e0 Bobo Dioulasso - Agenda Culturel Burkina\" \/>\n<meta property=\"og:description\" content=\"A Bobo-Dioulasso, le Directeur G\u00e9n\u00e9ral du Bureau Burkinab\u00e8 du Droit d\u2019Auteur (BBDA), Zita Daniel BONZI, a poursuivi sa tourn\u00e9e de...\" \/>\n<meta property=\"og:url\" content=\"https:\/\/agenda-culturel-bf.com\/?p=1516\" \/>\n<meta property=\"og:site_name\" content=\"Agenda Culturel Burkina\" \/>\n<meta property=\"article:published_time\" content=\"2026-08-27T14:18:18+00:00\" \/>\n<meta property=\"og:image\" content=\"https:\/\/agenda-culturel-bf.com\/wp-content\/uploads\/2026\/08\/FB_IMG_1787839357361.jpg\" \/>\n\t<meta property=\"og:image:width\" content=\"1032\" \/>\n\t<meta property=\"og:image:height\" content=\"688\" \/>\n\t<meta property=\"og:image:type\" content=\"image\/jpeg\" \/>\n<meta name=\"author\" content=\"Admin\" \/>\n<meta name=\"twitter:card\" content=\"summary_large_image\" \/>\n<meta name=\"twitter:label1\" content=\"\u00c9crit par\" \/>\n\t<meta name=\"twitter:data1\" content=\"Admin\" \/>\n\t<meta name=\"twitter:label2\" content=\"Dur\u00e9e de lecture estim\u00e9e\" \/>\n\t<meta name=\"twitter:data2\" content=\"2 minutes\" \/>\n<script type=\"application\/ld+json\" class=\"yoast-schema-graph\">{\"@context\":\"https:\\\/\\\/schema.org\",\"@graph\":[{\"@type\":\"Article\",\"@id\":\"https:\\\/\\\/agenda-culturel-bf.com\\\/?p=1516#article\",\"isPartOf\":{\"@id\":\"https:\\\/\\\/agenda-culturel-bf.com\\\/?p=1516\"},\"author\":{\"name\":\"Admin\",\"@id\":\"https:\\\/\\\/agenda-culturel-bf.com\\\/#\\\/schema\\\/person\\\/d8068eb959233041a009440fbc9b48dd\"},\"headline\":\"Culture : Le BBDA renforce ses partenariats strat\u00e9giques \u00e0 Bobo Dioulasso\",\"datePublished\":\"2026-08-27T14:18:18+00:00\",\"mainEntityOfPage\":{\"@id\":\"https:\\\/\\\/agenda-culturel-bf.com\\\/?p=1516\"},\"wordCount\":280,\"commentCount\":0,\"publisher\":{\"@id\":\"https:\\\/\\\/agenda-culturel-bf.com\\\/#organization\"},\"image\":{\"@id\":\"https:\\\/\\\/agenda-culturel-bf.com\\\/?p=1516#primaryimage\"},\"thumbnailUrl\":\"https:\\\/\\\/agenda-culturel-bf.com\\\/wp-content\\\/uploads\\\/2026\\\/08\\\/FB_IMG_1787839357361.jpg\",\"keywords\":[\"Art\",\"BBDA\",\"Burkina Faso\",\"Culture\"],\"articleSection\":[\"Actualit\u00e9s\",\"Art &amp; Culture\"],\"inLanguage\":\"fr-FR\",\"potentialAction\":[{\"@type\":\"CommentAction\",\"name\":\"Comment\",\"target\":[\"https:\\\/\\\/agenda-culturel-bf.com\\\/?p=1516#respond\"]}]},{\"@type\":\"WebPage\",\"@id\":\"https:\\\/\\\/agenda-culturel-bf.com\\\/?p=1516\",\"url\":\"https:\\\/\\\/agenda-culturel-bf.com\\\/?p=1516\",\"name\":\"Culture : Le BBDA renforce ses partenariats strat\u00e9giques \u00e0 Bobo Dioulasso - Agenda Culturel Burkina\",\"isPartOf\":{\"@id\":\"https:\\\/\\\/agenda-culturel-bf.com\\\/#website\"},\"primaryImageOfPage\":{\"@id\":\"https:\\\/\\\/agenda-culturel-bf.com\\\/?p=1516#primaryimage\"},\"image\":{\"@id\":\"https:\\\/\\\/agenda-culturel-bf.com\\\/?p=1516#primaryimage\"},\"thumbnailUrl\":\"https:\\\/\\\/agenda-culturel-bf.com\\\/wp-content\\\/uploads\\\/2026\\\/08\\\/FB_IMG_1787839357361.jpg\",\"datePublished\":\"2026-08-27T14:18:18+00:00\",\"breadcrumb\":{\"@id\":\"https:\\\/\\\/agenda-culturel-bf.com\\\/?p=1516#breadcrumb\"},\"inLanguage\":\"fr-FR\",\"potentialAction\":[{\"@type\":\"ReadAction\",\"target\":[\"https:\\\/\\\/agenda-culturel-bf.com\\\/?p=1516\"]}]},{\"@type\":\"ImageObject\",\"inLanguage\":\"fr-FR\",\"@id\":\"https:\\\/\\\/agenda-culturel-bf.com\\\/?p=1516#primaryimage\",\"url\":\"https:\\\/\\\/agenda-culturel-bf.com\\\/wp-content\\\/uploads\\\/2026\\\/08\\\/FB_IMG_1787839357361.jpg\",\"contentUrl\":\"https:\\\/\\\/agenda-culturel-bf.com\\\/wp-content\\\/uploads\\\/2026\\\/08\\\/FB_IMG_1787839357361.jpg\",\"width\":1032,\"height\":688},{\"@type\":\"BreadcrumbList\",\"@id\":\"https:\\\/\\\/agenda-culturel-bf.com\\\/?p=1516#breadcrumb\",\"itemListElement\":[{\"@type\":\"ListItem\",\"position\":1,\"name\":\"Home\",\"item\":\"https:\\\/\\\/agenda-culturel-bf.com\\\/\"},{\"@type\":\"ListItem\",\"position\":2,\"name\":\"Culture : Le BBDA renforce ses partenariats strat\u00e9giques \u00e0 Bobo Dioulasso\"}]},{\"@type\":\"WebSite\",\"@id\":\"https:\\\/\\\/agenda-culturel-bf.com\\\/#website\",\"url\":\"https:\\\/\\\/agenda-culturel-bf.com\\\/\",\"name\":\"Agenda Culturel Burkina\",\"description\":\"\",\"publisher\":{\"@id\":\"https:\\\/\\\/agenda-culturel-bf.com\\\/#organization\"},\"potentialAction\":[{\"@type\":\"SearchAction\",\"target\":{\"@type\":\"EntryPoint\",\"urlTemplate\":\"https:\\\/\\\/agenda-culturel-bf.com\\\/?s={search_term_string}\"},\"query-input\":{\"@type\":\"PropertyValueSpecification\",\"valueRequired\":true,\"valueName\":\"search_term_string\"}}],\"inLanguage\":\"fr-FR\"},{\"@type\":\"Organization\",\"@id\":\"https:\\\/\\\/agenda-culturel-bf.com\\\/#organization\",\"name\":\"Agenda Culturel Burkina\",\"url\":\"https:\\\/\\\/agenda-culturel-bf.com\\\/\",\"logo\":{\"@type\":\"ImageObject\",\"inLanguage\":\"fr-FR\",\"@id\":\"https:\\\/\\\/agenda-culturel-bf.com\\\/#\\\/schema\\\/logo\\\/image\\\/\",\"url\":\"https:\\\/\\\/agenda-culturel-bf.com\\\/wp-content\\\/uploads\\\/2026\\\/07\\\/logo1.jpg\",\"contentUrl\":\"https:\\\/\\\/agenda-culturel-bf.com\\\/wp-content\\\/uploads\\\/2026\\\/07\\\/logo1.jpg\",\"width\":250,\"height\":250,\"caption\":\"Agenda Culturel Burkina\"},\"image\":{\"@id\":\"https:\\\/\\\/agenda-culturel-bf.com\\\/#\\\/schema\\\/logo\\\/image\\\/\"}},{\"@type\":\"Person\",\"@id\":\"https:\\\/\\\/agenda-culturel-bf.com\\\/#\\\/schema\\\/person\\\/d8068eb959233041a009440fbc9b48dd\",\"name\":\"Admin\",\"image\":{\"@type\":\"ImageObject\",\"inLanguage\":\"fr-FR\",\"@id\":\"https:\\\/\\\/secure.gravatar.com\\\/avatar\\\/7b133366f3aefc58e8c220f8912fc40cee1024290a2f146b827e79e190187c2b?s=96&d=mm&r=g\",\"url\":\"https:\\\/\\\/secure.gravatar.com\\\/avatar\\\/7b133366f3aefc58e8c220f8912fc40cee1024290a2f146b827e79e190187c2b?s=96&d=mm&r=g\",\"contentUrl\":\"https:\\\/\\\/secure.gravatar.com\\\/avatar\\\/7b133366f3aefc58e8c220f8912fc40cee1024290a2f146b827e79e190187c2b?s=96&d=mm&r=g\",\"caption\":\"Admin\"},\"url\":\"https:\\\/\\\/agenda-culturel-bf.com\\\/?author=2\"}]}<\/script>\n<!-- \/ Yoast SEO plugin. -->","yoast_head_json":{"title":"Culture : Le BBDA renforce ses partenariats strat\u00e9giques \u00e0 Bobo Dioulasso - Agenda Culturel Burkina","robots":{"index":"index","follow":"follow","max-snippet":"max-snippet:-1","max-image-preview":"max-image-preview:large","max-video-preview":"max-video-preview:-1"},"canonical":"https:\/\/agenda-culturel-bf.com\/?p=1516","og_locale":"fr_FR","og_type":"article","og_title":"Culture : Le BBDA renforce ses partenariats strat\u00e9giques \u00e0 Bobo Dioulasso - Agenda Culturel Burkina","og_description":"A Bobo-Dioulasso, le Directeur G\u00e9n\u00e9ral du Bureau Burkinab\u00e8 du Droit d\u2019Auteur (BBDA), Zita Daniel BONZI, a poursuivi sa tourn\u00e9e de...","og_url":"https:\/\/agenda-culturel-bf.com\/?p=1516","og_site_name":"Agenda Culturel Burkina","article_published_time":"2026-08-27T14:18:18+00:00","og_image":[{"width":1032,"height":688,"url":"https:\/\/agenda-culturel-bf.com\/wp-content\/uploads\/2026\/08\/FB_IMG_1787839357361.jpg","type":"image\/jpeg"}],"author":"Admin","twitter_card":"summary_large_image","twitter_misc":{"\u00c9crit par":"Admin","Dur\u00e9e de lecture estim\u00e9e":"2 minutes"},"schema":{"@context":"https:\/\/schema.org","@graph":[{"@type":"Article","@id":"https:\/\/agenda-culturel-bf.com\/?p=1516#article","isPartOf":{"@id":"https:\/\/agenda-culturel-bf.com\/?p=1516"},"author":{"name":"Admin","@id":"https:\/\/agenda-culturel-bf.com\/#\/schema\/person\/d8068eb959233041a009440fbc9b48dd"},"headline":"Culture : Le BBDA renforce ses partenariats strat\u00e9giques \u00e0 Bobo Dioulasso","datePublished":"2026-08-27T14:18:18+00:00","mainEntityOfPage":{"@id":"https:\/\/agenda-culturel-bf.com\/?p=1516"},"wordCount":280,"commentCount":0,"publisher":{"@id":"https:\/\/agenda-culturel-bf.com\/#organization"},"image":{"@id":"https:\/\/agenda-culturel-bf.com\/?p=1516#primaryimage"},"thumbnailUrl":"https:\/\/agenda-culturel-bf.com\/wp-content\/uploads\/2026\/08\/FB_IMG_1787839357361.jpg","keywords":["Art","BBDA","Burkina Faso","Culture"],"articleSection":["Actualit\u00e9s","Art &amp; Culture"],"inLanguage":"fr-FR","potentialAction":[{"@type":"CommentAction","name":"Comment","target":["https:\/\/agenda-culturel-bf.com\/?p=1516#respond"]}]},{"@type":"WebPage","@id":"https:\/\/agenda-culturel-bf.com\/?p=1516","url":"https:\/\/agenda-culturel-bf.com\/?p=1516","name":"Culture : Le BBDA renforce ses partenariats strat\u00e9giques \u00e0 Bobo Dioulasso - Agenda Culturel Burkina","isPartOf":{"@id":"https:\/\/agenda-culturel-bf.com\/#website"},"primaryImageOfPage":{"@id":"https:\/\/agenda-culturel-bf.com\/?p=1516#primaryimage"},"image":{"@id":"https:\/\/agenda-culturel-bf.com\/?p=1516#primaryimage"},"thumbnailUrl":"https:\/\/agenda-culturel-bf.com\/wp-content\/uploads\/2026\/08\/FB_IMG_1787839357361.jpg","datePublished":"2026-08-27T14:18:18+00:00","breadcrumb":{"@id":"https:\/\/agenda-culturel-bf.com\/?p=1516#breadcrumb"},"inLanguage":"fr-FR","potentialAction":[{"@type":"ReadAction","target":["https:\/\/agenda-culturel-bf.com\/?p=1516"]}]},{"@type":"ImageObject","inLanguage":"fr-FR","@id":"https:\/\/agenda-culturel-bf.com\/?p=1516#primaryimage","url":"https:\/\/agenda-culturel-bf.com\/wp-content\/uploads\/2026\/08\/FB_IMG_1787839357361.jpg","contentUrl":"https:\/\/agenda-culturel-bf.com\/wp-content\/uploads\/2026\/08\/FB_IMG_1787839357361.jpg","width":1032,"height":688},{"@type":"BreadcrumbList","@id":"https:\/\/agenda-culturel-bf.com\/?p=1516#breadcrumb","itemListElement":[{"@type":"ListItem","position":1,"name":"Home","item":"https:\/\/agenda-culturel-bf.com\/"},{"@type":"ListItem","position":2,"name":"Culture : Le BBDA renforce ses partenariats strat\u00e9giques \u00e0 Bobo Dioulasso"}]},{"@type":"WebSite","@id":"https:\/\/agenda-culturel-bf.com\/#website","url":"https:\/\/agenda-culturel-bf.com\/","name":"Agenda Culturel Burkina","description":"","publisher":{"@id":"https:\/\/agenda-culturel-bf.com\/#organization"},"potentialAction":[{"@type":"SearchAction","target":{"@type":"EntryPoint","urlTemplate":"https:\/\/agenda-culturel-bf.com\/?s={search_term_string}"},"query-input":{"@type":"PropertyValueSpecification","valueRequired":true,"valueName":"search_term_string"}}],"inLanguage":"fr-FR"},{"@type":"Organization","@id":"https:\/\/agenda-culturel-bf.com\/#organization","name":"Agenda Culturel Burkina","url":"https:\/\/agenda-culturel-bf.com\/","logo":{"@type":"ImageObject","inLanguage":"fr-FR","@id":"https:\/\/agenda-culturel-bf.com\/#\/schema\/logo\/image\/","url":"https:\/\/agenda-culturel-bf.com\/wp-content\/uploads\/2026\/07\/logo1.jpg","contentUrl":"https:\/\/agenda-culturel-bf.com\/wp-content\/uploads\/2026\/07\/logo1.jpg","width":250,"height":250,"caption":"Agenda Culturel Burkina"},"image":{"@id":"https:\/\/agenda-culturel-bf.com\/#\/schema\/logo\/image\/"}},{"@type":"Person","@id":"https:\/\/agenda-culturel-bf.com\/#\/schema\/person\/d8068eb959233041a009440fbc9b48dd","name":"Admin","image":{"@type":"ImageObject","inLanguage":"fr-FR","@id":"https:\/\/secure.gravatar.com\/avatar\/7b133366f3aefc58e8c220f8912fc40cee1024290a2f146b827e79e190187c2b?s=96&d=mm&r=g","url":"https:\/\/secure.gravatar.com\/avatar\/7b133366f3aefc58e8c220f8912fc40cee1024290a2f146b827e79e190187c2b?s=96&d=mm&r=g","contentUrl":"https:\/\/secure.gravatar.com\/avatar\/7b133366f3aefc58e8c220f8912fc40cee1024290a2f146b827e79e190187c2b?s=96&d=mm&r=g","caption":"Admin"},"url":"https:\/\/agenda-culturel-bf.com\/?author=2"}]}},"_links":{"self":[{"href":"https:\/\/agenda-culturel-bf.com\/index.php?rest_route=\/wp\/v2\/posts\/1516","targetHints":{"allow":["GET"]}}],"collection":[{"href":"https:\/\/agenda-culturel-bf.com\/index.php?rest_route=\/wp\/v2\/posts"}],"about":[{"href":"https:\/\/agenda-culturel-bf.com\/index.php?rest_route=\/wp\/v2\/types\/post"}],"author":[{"embeddable":true,"href":"https:\/\/agenda-culturel-bf.com\/index.php?rest_route=\/wp\/v2\/users\/2"}],"replies":[{"embeddable":true,"href":"https:\/\/agenda-culturel-bf.com\/index.php?rest_route=%2Fwp%2Fv2%2Fcomments&post=1516"}],"version-history":[{"count":1,"href":"https:\/\/agenda-culturel-bf.com\/index.php?rest_route=\/wp\/v2\/posts\/1516\/revisions"}],"predecessor-version":[{"id":1519,"href":"https:\/\/agenda-culturel-bf.com\/index.php?rest_route=\/wp\/v2\/posts\/1516\/revisions\/1519"}],"wp:featuredmedia":[{"embeddable":true,"href":"https:\/\/agenda-culturel-bf.com\/index.php?rest_route=\/wp\/v2\/media\/1518"}],"wp:attachment":[{"href":"https:\/\/agenda-culturel-bf.com\/index.php?rest_route=%2Fwp%2Fv2%2Fmedia&parent=1516"}],"wp:term":[{"taxonomy":"category","embeddable":true,"href":"https:\/\/agenda-culturel-bf.com\/index.php?rest_route=%2Fwp%2Fv2%2Fcategories&post=1516"},{"taxonomy":"post_tag","embeddable":true,"href":"https:\/\/agenda-culturel-bf.com\/index.php?rest_route=%2Fwp%2Fv2%2Ftags&post=1516"}],"curies":[{"name":"wp","href":"https:\/\/api.w.org\/{rel}","templated":true}]}}