
{"id":1337,"date":"2026-08-02T13:39:37","date_gmt":"2026-08-02T11:39:37","guid":{"rendered":"https:\/\/agenda-culturel-bf.com\/?p=1337"},"modified":"2026-08-02T14:44:39","modified_gmt":"2026-08-02T12:44:39","slug":"culture-lidentite-culturelle-au-coeur-de-la-8e-universite-dete-de-linstitut-sylvie-chalaye","status":"publish","type":"post","link":"https:\/\/agenda-culturel-bf.com\/?p=1337","title":{"rendered":"Culture : L&rsquo;identit\u00e9 culturelle au c\u0153ur de la 8e Universit\u00e9 d\u2019\u00e9t\u00e9 de l\u2019Association Sylvie Chalaye"},"content":{"rendered":"<p>L\u2019Association Sylvie Chalaye a tenu ce samedi 1er ao\u00fbt 2026 la 8\u00e8me \u00e9dition de son Universit\u00e9 d\u2019\u00e9t\u00e9, autour du th\u00e8me : \u00ab\u00a0Th\u00e9\u00e2tre et identit\u00e9 culturelle\u00a0\u00bb.<\/p>\n<p>Pens\u00e9e comme un espace de r\u00e9flexion et de partage, cette rencontre annuelle a r\u00e9uni artistes, chercheurs, praticiens et acteurs culturels autour d\u2019un objectif commun : interroger le r\u00f4le du th\u00e9\u00e2tre dans la construction et la pr\u00e9servation de l\u2019identit\u00e9 culturelle, et plus largement dans la coh\u00e9sion sociale.<\/p>\n<figure id=\"attachment_1338\" aria-describedby=\"caption-attachment-1338\" style=\"width: 300px\" class=\"wp-caption aligncenter\"><img class=\"size-medium wp-image-1338\"  alt=\"\" width=\"300\" height=\"200\" \/ loading=\"eager\" fetchpriority=\"high\" decoding=\"async\" src=\"https:\/\/agenda-culturel-bf.com\/wp-content\/uploads\/2026\/08\/IMG-20260802-WA0007-300x200.jpg\" srcset=\"https:\/\/agenda-culturel-bf.com\/wp-content\/uploads\/2026\/08\/IMG-20260802-WA0007-300x200.jpg 300w, https:\/\/agenda-culturel-bf.com\/wp-content\/uploads\/2026\/08\/IMG-20260802-WA0007-1024x682.jpg 1024w, https:\/\/agenda-culturel-bf.com\/wp-content\/uploads\/2026\/08\/IMG-20260802-WA0007-768x512.jpg 768w, https:\/\/agenda-culturel-bf.com\/wp-content\/uploads\/2026\/08\/IMG-20260802-WA0007-1536x1023.jpg 1536w, https:\/\/agenda-culturel-bf.com\/wp-content\/uploads\/2026\/08\/IMG-20260802-WA0007.jpg 1600w\" sizes=\"(max-width: 300px) 100vw, 300px\" \/><figcaption id=\"caption-attachment-1338\" class=\"wp-caption-text\"><em>Koudbi KOALA, l&rsquo;un des parrains de l&rsquo;\u00e9v\u00e8nement<\/em><\/figcaption><\/figure>\n<p>Cette \u00e9dition a \u00e9t\u00e9 marqu\u00e9e par l\u2019exploration de formes th\u00e9\u00e2trales ancr\u00e9es dans le r\u00e9el. Il s\u2019agit du th\u00e9\u00e2tre d\u2019intervention sociale, du th\u00e9\u00e2tre communautaire et du th\u00e9\u00e2tre forum. Des pratiques qui replacent le citoyen au c\u0153ur du processus de cr\u00e9ation.<\/p>\n<figure id=\"attachment_1343\" aria-describedby=\"caption-attachment-1343\" style=\"width: 300px\" class=\"wp-caption aligncenter\"><img class=\"size-medium wp-image-1343\"  alt=\"\" width=\"300\" height=\"200\" \/ loading=\"lazy\" decoding=\"async\" src=\"https:\/\/agenda-culturel-bf.com\/wp-content\/uploads\/2026\/08\/IMG-20260802-WA0011-300x200.jpg\" srcset=\"https:\/\/agenda-culturel-bf.com\/wp-content\/uploads\/2026\/08\/IMG-20260802-WA0011-300x200.jpg 300w, https:\/\/agenda-culturel-bf.com\/wp-content\/uploads\/2026\/08\/IMG-20260802-WA0011-1024x682.jpg 1024w, https:\/\/agenda-culturel-bf.com\/wp-content\/uploads\/2026\/08\/IMG-20260802-WA0011-768x512.jpg 768w, https:\/\/agenda-culturel-bf.com\/wp-content\/uploads\/2026\/08\/IMG-20260802-WA0011-1536x1023.jpg 1536w, https:\/\/agenda-culturel-bf.com\/wp-content\/uploads\/2026\/08\/IMG-20260802-WA0011.jpg 1600w\" sizes=\"auto, (max-width: 300px) 100vw, 300px\" \/><figcaption id=\"caption-attachment-1343\" class=\"wp-caption-text\"><em>Dr P. Issiaka Tiendrebeogo, Promoteur de l&rsquo;\u00e9v\u00e8nement<\/em><\/figcaption><\/figure>\n<p>Au-del\u00e0 du questionnement propre au th\u00e9\u00e2tre classique, l\u2019Universit\u00e9 d\u2019\u00e9t\u00e9 2026 a revendiqu\u00e9 une approche de \u00ab\u00a0mise \u00e0 vue de la douleur pour panser les blessures\u00a0\u00bb. Une vision du th\u00e9\u00e2tre comme outil de soin, de r\u00e9paration et de r\u00e9silience collective.<\/p>\n<p>\u00c0 travers cette \u00e9dition, l\u2019Association Sylvie Chalaye r\u00e9affirme son engagement \u00e0 faire de la culture un levier de transformation sociale et un vecteur fort de notre identit\u00e9.<\/p>\n<p><strong>Agenda Culturel Burkina<\/strong><\/p>\n","protected":false},"excerpt":{"rendered":"<p>L\u2019Association Sylvie Chalaye a tenu ce samedi 1er ao\u00fbt 2026 la 8\u00e8me \u00e9dition de son Universit\u00e9 d\u2019\u00e9t\u00e9, autour du th\u00e8me&#8230;<\/p>\n","protected":false},"author":2,"featured_media":1344,"comment_status":"open","ping_status":"open","sticky":false,"template":"","format":"standard","meta":{"footnotes":""},"categories":[39],"tags":[],"class_list":["post-1337","post","type-post","status-publish","format-standard","has-post-thumbnail","hentry","category-association-sylvie-chalaye"],"yoast_head":"<!-- This site is optimized with the Yoast SEO plugin v28.4 - https:\/\/yoast.com\/product\/yoast-seo-wordpress\/ -->\n<title>Culture : L&#039;identit\u00e9 culturelle au c\u0153ur de la 8e Universit\u00e9 d\u2019\u00e9t\u00e9 de l\u2019Association Sylvie Chalaye - Agenda Culturel Burkina<\/title>\n<meta name=\"robots\" content=\"index, follow, max-snippet:-1, max-image-preview:large, max-video-preview:-1\" \/>\n<link rel=\"canonical\" href=\"https:\/\/agenda-culturel-bf.com\/?p=1337\" \/>\n<meta property=\"og:locale\" content=\"fr_FR\" \/>\n<meta property=\"og:type\" content=\"article\" \/>\n<meta property=\"og:title\" content=\"Culture : L&#039;identit\u00e9 culturelle au c\u0153ur de la 8e Universit\u00e9 d\u2019\u00e9t\u00e9 de l\u2019Association Sylvie Chalaye - Agenda Culturel Burkina\" \/>\n<meta property=\"og:description\" content=\"L\u2019Association Sylvie Chalaye a tenu ce samedi 1er ao\u00fbt 2026 la 8\u00e8me \u00e9dition de son Universit\u00e9 d\u2019\u00e9t\u00e9, autour du th\u00e8me...\" \/>\n<meta property=\"og:url\" content=\"https:\/\/agenda-culturel-bf.com\/?p=1337\" \/>\n<meta property=\"og:site_name\" content=\"Agenda Culturel Burkina\" \/>\n<meta property=\"article:published_time\" content=\"2026-08-02T11:39:37+00:00\" \/>\n<meta property=\"article:modified_time\" content=\"2026-08-02T12:44:39+00:00\" \/>\n<meta property=\"og:image\" content=\"https:\/\/agenda-culturel-bf.com\/wp-content\/uploads\/2026\/08\/IMG-20260802-WA0013.jpg\" \/>\n\t<meta property=\"og:image:width\" content=\"1600\" \/>\n\t<meta property=\"og:image:height\" content=\"1066\" \/>\n\t<meta property=\"og:image:type\" content=\"image\/jpeg\" \/>\n<meta name=\"author\" content=\"Admin\" \/>\n<meta name=\"twitter:card\" content=\"summary_large_image\" \/>\n<meta name=\"twitter:label1\" content=\"\u00c9crit par\" \/>\n\t<meta name=\"twitter:data1\" content=\"Admin\" \/>\n\t<meta name=\"twitter:label2\" content=\"Dur\u00e9e de lecture estim\u00e9e\" \/>\n\t<meta name=\"twitter:data2\" content=\"2 minutes\" \/>\n<script type=\"application\/ld+json\" class=\"yoast-schema-graph\">{\"@context\":\"https:\\\/\\\/schema.org\",\"@graph\":[{\"@type\":\"Article\",\"@id\":\"https:\\\/\\\/agenda-culturel-bf.com\\\/?p=1337#article\",\"isPartOf\":{\"@id\":\"https:\\\/\\\/agenda-culturel-bf.com\\\/?p=1337\"},\"author\":{\"name\":\"Admin\",\"@id\":\"https:\\\/\\\/agenda-culturel-bf.com\\\/#\\\/schema\\\/person\\\/d8068eb959233041a009440fbc9b48dd\"},\"headline\":\"Culture : L&rsquo;identit\u00e9 culturelle au c\u0153ur de la 8e Universit\u00e9 d\u2019\u00e9t\u00e9 de l\u2019Association Sylvie Chalaye\",\"datePublished\":\"2026-08-02T11:39:37+00:00\",\"dateModified\":\"2026-08-02T12:44:39+00:00\",\"mainEntityOfPage\":{\"@id\":\"https:\\\/\\\/agenda-culturel-bf.com\\\/?p=1337\"},\"wordCount\":257,\"commentCount\":0,\"publisher\":{\"@id\":\"https:\\\/\\\/agenda-culturel-bf.com\\\/#organization\"},\"image\":{\"@id\":\"https:\\\/\\\/agenda-culturel-bf.com\\\/?p=1337#primaryimage\"},\"thumbnailUrl\":\"https:\\\/\\\/agenda-culturel-bf.com\\\/wp-content\\\/uploads\\\/2026\\\/08\\\/IMG-20260802-WA0013.jpg\",\"articleSection\":[\"Association Sylvie Chalaye\"],\"inLanguage\":\"fr-FR\",\"potentialAction\":[{\"@type\":\"CommentAction\",\"name\":\"Comment\",\"target\":[\"https:\\\/\\\/agenda-culturel-bf.com\\\/?p=1337#respond\"]}]},{\"@type\":\"WebPage\",\"@id\":\"https:\\\/\\\/agenda-culturel-bf.com\\\/?p=1337\",\"url\":\"https:\\\/\\\/agenda-culturel-bf.com\\\/?p=1337\",\"name\":\"Culture : L'identit\u00e9 culturelle au c\u0153ur de la 8e Universit\u00e9 d\u2019\u00e9t\u00e9 de l\u2019Association Sylvie Chalaye - Agenda Culturel Burkina\",\"isPartOf\":{\"@id\":\"https:\\\/\\\/agenda-culturel-bf.com\\\/#website\"},\"primaryImageOfPage\":{\"@id\":\"https:\\\/\\\/agenda-culturel-bf.com\\\/?p=1337#primaryimage\"},\"image\":{\"@id\":\"https:\\\/\\\/agenda-culturel-bf.com\\\/?p=1337#primaryimage\"},\"thumbnailUrl\":\"https:\\\/\\\/agenda-culturel-bf.com\\\/wp-content\\\/uploads\\\/2026\\\/08\\\/IMG-20260802-WA0013.jpg\",\"datePublished\":\"2026-08-02T11:39:37+00:00\",\"dateModified\":\"2026-08-02T12:44:39+00:00\",\"breadcrumb\":{\"@id\":\"https:\\\/\\\/agenda-culturel-bf.com\\\/?p=1337#breadcrumb\"},\"inLanguage\":\"fr-FR\",\"potentialAction\":[{\"@type\":\"ReadAction\",\"target\":[\"https:\\\/\\\/agenda-culturel-bf.com\\\/?p=1337\"]}]},{\"@type\":\"ImageObject\",\"inLanguage\":\"fr-FR\",\"@id\":\"https:\\\/\\\/agenda-culturel-bf.com\\\/?p=1337#primaryimage\",\"url\":\"https:\\\/\\\/agenda-culturel-bf.com\\\/wp-content\\\/uploads\\\/2026\\\/08\\\/IMG-20260802-WA0013.jpg\",\"contentUrl\":\"https:\\\/\\\/agenda-culturel-bf.com\\\/wp-content\\\/uploads\\\/2026\\\/08\\\/IMG-20260802-WA0013.jpg\",\"width\":1600,\"height\":1066},{\"@type\":\"BreadcrumbList\",\"@id\":\"https:\\\/\\\/agenda-culturel-bf.com\\\/?p=1337#breadcrumb\",\"itemListElement\":[{\"@type\":\"ListItem\",\"position\":1,\"name\":\"Home\",\"item\":\"https:\\\/\\\/agenda-culturel-bf.com\\\/\"},{\"@type\":\"ListItem\",\"position\":2,\"name\":\"Culture : L&rsquo;identit\u00e9 culturelle au c\u0153ur de la 8e Universit\u00e9 d\u2019\u00e9t\u00e9 de l\u2019Association Sylvie Chalaye\"}]},{\"@type\":\"WebSite\",\"@id\":\"https:\\\/\\\/agenda-culturel-bf.com\\\/#website\",\"url\":\"https:\\\/\\\/agenda-culturel-bf.com\\\/\",\"name\":\"Agenda Culturel Burkina\",\"description\":\"\",\"publisher\":{\"@id\":\"https:\\\/\\\/agenda-culturel-bf.com\\\/#organization\"},\"potentialAction\":[{\"@type\":\"SearchAction\",\"target\":{\"@type\":\"EntryPoint\",\"urlTemplate\":\"https:\\\/\\\/agenda-culturel-bf.com\\\/?s={search_term_string}\"},\"query-input\":{\"@type\":\"PropertyValueSpecification\",\"valueRequired\":true,\"valueName\":\"search_term_string\"}}],\"inLanguage\":\"fr-FR\"},{\"@type\":\"Organization\",\"@id\":\"https:\\\/\\\/agenda-culturel-bf.com\\\/#organization\",\"name\":\"Agenda Culturel Burkina\",\"url\":\"https:\\\/\\\/agenda-culturel-bf.com\\\/\",\"logo\":{\"@type\":\"ImageObject\",\"inLanguage\":\"fr-FR\",\"@id\":\"https:\\\/\\\/agenda-culturel-bf.com\\\/#\\\/schema\\\/logo\\\/image\\\/\",\"url\":\"https:\\\/\\\/agenda-culturel-bf.com\\\/wp-content\\\/uploads\\\/2026\\\/07\\\/logo1.jpg\",\"contentUrl\":\"https:\\\/\\\/agenda-culturel-bf.com\\\/wp-content\\\/uploads\\\/2026\\\/07\\\/logo1.jpg\",\"width\":250,\"height\":250,\"caption\":\"Agenda Culturel Burkina\"},\"image\":{\"@id\":\"https:\\\/\\\/agenda-culturel-bf.com\\\/#\\\/schema\\\/logo\\\/image\\\/\"}},{\"@type\":\"Person\",\"@id\":\"https:\\\/\\\/agenda-culturel-bf.com\\\/#\\\/schema\\\/person\\\/d8068eb959233041a009440fbc9b48dd\",\"name\":\"Admin\",\"image\":{\"@type\":\"ImageObject\",\"inLanguage\":\"fr-FR\",\"@id\":\"https:\\\/\\\/secure.gravatar.com\\\/avatar\\\/7b133366f3aefc58e8c220f8912fc40cee1024290a2f146b827e79e190187c2b?s=96&d=mm&r=g\",\"url\":\"https:\\\/\\\/secure.gravatar.com\\\/avatar\\\/7b133366f3aefc58e8c220f8912fc40cee1024290a2f146b827e79e190187c2b?s=96&d=mm&r=g\",\"contentUrl\":\"https:\\\/\\\/secure.gravatar.com\\\/avatar\\\/7b133366f3aefc58e8c220f8912fc40cee1024290a2f146b827e79e190187c2b?s=96&d=mm&r=g\",\"caption\":\"Admin\"},\"url\":\"https:\\\/\\\/agenda-culturel-bf.com\\\/?author=2\"}]}<\/script>\n<!-- \/ Yoast SEO plugin. -->","yoast_head_json":{"title":"Culture : L'identit\u00e9 culturelle au c\u0153ur de la 8e Universit\u00e9 d\u2019\u00e9t\u00e9 de l\u2019Association Sylvie Chalaye - Agenda Culturel Burkina","robots":{"index":"index","follow":"follow","max-snippet":"max-snippet:-1","max-image-preview":"max-image-preview:large","max-video-preview":"max-video-preview:-1"},"canonical":"https:\/\/agenda-culturel-bf.com\/?p=1337","og_locale":"fr_FR","og_type":"article","og_title":"Culture : L'identit\u00e9 culturelle au c\u0153ur de la 8e Universit\u00e9 d\u2019\u00e9t\u00e9 de l\u2019Association Sylvie Chalaye - Agenda Culturel Burkina","og_description":"L\u2019Association Sylvie Chalaye a tenu ce samedi 1er ao\u00fbt 2026 la 8\u00e8me \u00e9dition de son Universit\u00e9 d\u2019\u00e9t\u00e9, autour du th\u00e8me...","og_url":"https:\/\/agenda-culturel-bf.com\/?p=1337","og_site_name":"Agenda Culturel Burkina","article_published_time":"2026-08-02T11:39:37+00:00","article_modified_time":"2026-08-02T12:44:39+00:00","og_image":[{"width":1600,"height":1066,"url":"https:\/\/agenda-culturel-bf.com\/wp-content\/uploads\/2026\/08\/IMG-20260802-WA0013.jpg","type":"image\/jpeg"}],"author":"Admin","twitter_card":"summary_large_image","twitter_misc":{"\u00c9crit par":"Admin","Dur\u00e9e de lecture estim\u00e9e":"2 minutes"},"schema":{"@context":"https:\/\/schema.org","@graph":[{"@type":"Article","@id":"https:\/\/agenda-culturel-bf.com\/?p=1337#article","isPartOf":{"@id":"https:\/\/agenda-culturel-bf.com\/?p=1337"},"author":{"name":"Admin","@id":"https:\/\/agenda-culturel-bf.com\/#\/schema\/person\/d8068eb959233041a009440fbc9b48dd"},"headline":"Culture : L&rsquo;identit\u00e9 culturelle au c\u0153ur de la 8e Universit\u00e9 d\u2019\u00e9t\u00e9 de l\u2019Association Sylvie Chalaye","datePublished":"2026-08-02T11:39:37+00:00","dateModified":"2026-08-02T12:44:39+00:00","mainEntityOfPage":{"@id":"https:\/\/agenda-culturel-bf.com\/?p=1337"},"wordCount":257,"commentCount":0,"publisher":{"@id":"https:\/\/agenda-culturel-bf.com\/#organization"},"image":{"@id":"https:\/\/agenda-culturel-bf.com\/?p=1337#primaryimage"},"thumbnailUrl":"https:\/\/agenda-culturel-bf.com\/wp-content\/uploads\/2026\/08\/IMG-20260802-WA0013.jpg","articleSection":["Association Sylvie Chalaye"],"inLanguage":"fr-FR","potentialAction":[{"@type":"CommentAction","name":"Comment","target":["https:\/\/agenda-culturel-bf.com\/?p=1337#respond"]}]},{"@type":"WebPage","@id":"https:\/\/agenda-culturel-bf.com\/?p=1337","url":"https:\/\/agenda-culturel-bf.com\/?p=1337","name":"Culture : L'identit\u00e9 culturelle au c\u0153ur de la 8e Universit\u00e9 d\u2019\u00e9t\u00e9 de l\u2019Association Sylvie Chalaye - Agenda Culturel Burkina","isPartOf":{"@id":"https:\/\/agenda-culturel-bf.com\/#website"},"primaryImageOfPage":{"@id":"https:\/\/agenda-culturel-bf.com\/?p=1337#primaryimage"},"image":{"@id":"https:\/\/agenda-culturel-bf.com\/?p=1337#primaryimage"},"thumbnailUrl":"https:\/\/agenda-culturel-bf.com\/wp-content\/uploads\/2026\/08\/IMG-20260802-WA0013.jpg","datePublished":"2026-08-02T11:39:37+00:00","dateModified":"2026-08-02T12:44:39+00:00","breadcrumb":{"@id":"https:\/\/agenda-culturel-bf.com\/?p=1337#breadcrumb"},"inLanguage":"fr-FR","potentialAction":[{"@type":"ReadAction","target":["https:\/\/agenda-culturel-bf.com\/?p=1337"]}]},{"@type":"ImageObject","inLanguage":"fr-FR","@id":"https:\/\/agenda-culturel-bf.com\/?p=1337#primaryimage","url":"https:\/\/agenda-culturel-bf.com\/wp-content\/uploads\/2026\/08\/IMG-20260802-WA0013.jpg","contentUrl":"https:\/\/agenda-culturel-bf.com\/wp-content\/uploads\/2026\/08\/IMG-20260802-WA0013.jpg","width":1600,"height":1066},{"@type":"BreadcrumbList","@id":"https:\/\/agenda-culturel-bf.com\/?p=1337#breadcrumb","itemListElement":[{"@type":"ListItem","position":1,"name":"Home","item":"https:\/\/agenda-culturel-bf.com\/"},{"@type":"ListItem","position":2,"name":"Culture : L&rsquo;identit\u00e9 culturelle au c\u0153ur de la 8e Universit\u00e9 d\u2019\u00e9t\u00e9 de l\u2019Association Sylvie Chalaye"}]},{"@type":"WebSite","@id":"https:\/\/agenda-culturel-bf.com\/#website","url":"https:\/\/agenda-culturel-bf.com\/","name":"Agenda Culturel Burkina","description":"","publisher":{"@id":"https:\/\/agenda-culturel-bf.com\/#organization"},"potentialAction":[{"@type":"SearchAction","target":{"@type":"EntryPoint","urlTemplate":"https:\/\/agenda-culturel-bf.com\/?s={search_term_string}"},"query-input":{"@type":"PropertyValueSpecification","valueRequired":true,"valueName":"search_term_string"}}],"inLanguage":"fr-FR"},{"@type":"Organization","@id":"https:\/\/agenda-culturel-bf.com\/#organization","name":"Agenda Culturel Burkina","url":"https:\/\/agenda-culturel-bf.com\/","logo":{"@type":"ImageObject","inLanguage":"fr-FR","@id":"https:\/\/agenda-culturel-bf.com\/#\/schema\/logo\/image\/","url":"https:\/\/agenda-culturel-bf.com\/wp-content\/uploads\/2026\/07\/logo1.jpg","contentUrl":"https:\/\/agenda-culturel-bf.com\/wp-content\/uploads\/2026\/07\/logo1.jpg","width":250,"height":250,"caption":"Agenda Culturel Burkina"},"image":{"@id":"https:\/\/agenda-culturel-bf.com\/#\/schema\/logo\/image\/"}},{"@type":"Person","@id":"https:\/\/agenda-culturel-bf.com\/#\/schema\/person\/d8068eb959233041a009440fbc9b48dd","name":"Admin","image":{"@type":"ImageObject","inLanguage":"fr-FR","@id":"https:\/\/secure.gravatar.com\/avatar\/7b133366f3aefc58e8c220f8912fc40cee1024290a2f146b827e79e190187c2b?s=96&d=mm&r=g","url":"https:\/\/secure.gravatar.com\/avatar\/7b133366f3aefc58e8c220f8912fc40cee1024290a2f146b827e79e190187c2b?s=96&d=mm&r=g","contentUrl":"https:\/\/secure.gravatar.com\/avatar\/7b133366f3aefc58e8c220f8912fc40cee1024290a2f146b827e79e190187c2b?s=96&d=mm&r=g","caption":"Admin"},"url":"https:\/\/agenda-culturel-bf.com\/?author=2"}]}},"_links":{"self":[{"href":"https:\/\/agenda-culturel-bf.com\/index.php?rest_route=\/wp\/v2\/posts\/1337","targetHints":{"allow":["GET"]}}],"collection":[{"href":"https:\/\/agenda-culturel-bf.com\/index.php?rest_route=\/wp\/v2\/posts"}],"about":[{"href":"https:\/\/agenda-culturel-bf.com\/index.php?rest_route=\/wp\/v2\/types\/post"}],"author":[{"embeddable":true,"href":"https:\/\/agenda-culturel-bf.com\/index.php?rest_route=\/wp\/v2\/users\/2"}],"replies":[{"embeddable":true,"href":"https:\/\/agenda-culturel-bf.com\/index.php?rest_route=%2Fwp%2Fv2%2Fcomments&post=1337"}],"version-history":[{"count":5,"href":"https:\/\/agenda-culturel-bf.com\/index.php?rest_route=\/wp\/v2\/posts\/1337\/revisions"}],"predecessor-version":[{"id":1346,"href":"https:\/\/agenda-culturel-bf.com\/index.php?rest_route=\/wp\/v2\/posts\/1337\/revisions\/1346"}],"wp:featuredmedia":[{"embeddable":true,"href":"https:\/\/agenda-culturel-bf.com\/index.php?rest_route=\/wp\/v2\/media\/1344"}],"wp:attachment":[{"href":"https:\/\/agenda-culturel-bf.com\/index.php?rest_route=%2Fwp%2Fv2%2Fmedia&parent=1337"}],"wp:term":[{"taxonomy":"category","embeddable":true,"href":"https:\/\/agenda-culturel-bf.com\/index.php?rest_route=%2Fwp%2Fv2%2Fcategories&post=1337"},{"taxonomy":"post_tag","embeddable":true,"href":"https:\/\/agenda-culturel-bf.com\/index.php?rest_route=%2Fwp%2Fv2%2Ftags&post=1337"}],"curies":[{"name":"wp","href":"https:\/\/api.w.org\/{rel}","templated":true}]}}