
{"id":1292,"date":"2026-07-27T00:27:38","date_gmt":"2026-07-26T22:27:38","guid":{"rendered":"https:\/\/agenda-culturel-bf.com\/?p=1292"},"modified":"2026-07-27T00:27:38","modified_gmt":"2026-07-26T22:27:38","slug":"burkina-des-tenues-traditionnelles-burkinabe-pour-la-sortie-de-promotion-de-larmee","status":"publish","type":"post","link":"https:\/\/agenda-culturel-bf.com\/?p=1292","title":{"rendered":"Burkina : Des tenues traditionnelles burkinab\u00e8 pour la sortie de promotion de l&rsquo;arm\u00e9e"},"content":{"rendered":"<p>\u00c0 l\u2019occasion de la sortie de la 25\u1d49 promotion des \u00c9l\u00e8ves Officiers d\u2019Active de l\u2019Acad\u00e9mie Militaire Georges-Namoano (AMGN), une nouvelle tenue fait son entr\u00e9e dans la tradition de l\u2019institution militaire.<\/p>\n<p>Con\u00e7ue autour du \u00abCencengu\u00bb, prestigieux pagne traditionnel du Gulmu, cette tenue met \u00e0 l\u2019honneur le savoir-faire ancestral des tisserands de l\u2019Est du Burkina Faso et la richesse du patrimoine culturel national.<\/p>\n<p>Du bonnet traditionnel aux cauris brod\u00e9s, en passant par les armoiries du Burkina Faso, les galons Alpha et la boucle en bronze orn\u00e9e de deux t\u00eates d\u2019\u00e9talons, chaque \u00e9l\u00e9ment a \u00e9t\u00e9 pens\u00e9 et choisi pour porter une symbolique forte : h\u00e9ritage, souverainet\u00e9, richesse, excellence, courage et leadership.<\/p>\n<p>\u00c0 travers cette cr\u00e9ation, l\u2019AMGN affirme une conviction : la modernit\u00e9 ne doit jamais nous \u00e9loigner de nos racines. La nouvelle tenue de l\u2019\u00c9l\u00e8ve Officier incarne ainsi un Burkina Faso fier de son histoire, attach\u00e9 \u00e0 sa culture et \u00e0 la valorisation de ses artisans.<\/p>\n<p>Elle symbolise une g\u00e9n\u00e9ration d\u2019officiers qui puise dans l\u2019h\u00e9ritage culturel et historique du pays la force de construire l\u2019avenir, au service de la Nation et de la reconqu\u00eate du territoire national.<\/p>\n<p><strong>Source : Arm\u00e9e du Burkina<\/strong><\/p>\n","protected":false},"excerpt":{"rendered":"<p>\u00c0 l\u2019occasion de la sortie de la 25\u1d49 promotion des \u00c9l\u00e8ves Officiers d\u2019Active de l\u2019Acad\u00e9mie Militaire Georges-Namoano (AMGN), une nouvelle&#8230;<\/p>\n","protected":false},"author":2,"featured_media":1293,"comment_status":"open","ping_status":"open","sticky":false,"template":"","format":"standard","meta":{"footnotes":""},"categories":[38],"tags":[],"class_list":["post-1292","post","type-post","status-publish","format-standard","has-post-thumbnail","hentry","category-art-culture"],"yoast_head":"<!-- This site is optimized with the Yoast SEO plugin v28.4 - https:\/\/yoast.com\/product\/yoast-seo-wordpress\/ -->\n<title>Burkina : Des tenues traditionnelles burkinab\u00e8 pour la sortie de promotion de l&#039;arm\u00e9e - Agenda Culturel Burkina<\/title>\n<meta name=\"robots\" content=\"index, follow, max-snippet:-1, max-image-preview:large, max-video-preview:-1\" \/>\n<link rel=\"canonical\" href=\"https:\/\/agenda-culturel-bf.com\/?p=1292\" \/>\n<meta property=\"og:locale\" content=\"fr_FR\" \/>\n<meta property=\"og:type\" content=\"article\" \/>\n<meta property=\"og:title\" content=\"Burkina : Des tenues traditionnelles burkinab\u00e8 pour la sortie de promotion de l&#039;arm\u00e9e - Agenda Culturel Burkina\" \/>\n<meta property=\"og:description\" content=\"\u00c0 l\u2019occasion de la sortie de la 25\u1d49 promotion des \u00c9l\u00e8ves Officiers d\u2019Active de l\u2019Acad\u00e9mie Militaire Georges-Namoano (AMGN), une nouvelle...\" \/>\n<meta property=\"og:url\" content=\"https:\/\/agenda-culturel-bf.com\/?p=1292\" \/>\n<meta property=\"og:site_name\" content=\"Agenda Culturel Burkina\" \/>\n<meta property=\"article:published_time\" content=\"2026-07-26T22:27:38+00:00\" \/>\n<meta property=\"og:image\" content=\"https:\/\/agenda-culturel-bf.com\/wp-content\/uploads\/2026\/07\/FB_IMG_1785102763611.jpg\" \/>\n\t<meta property=\"og:image:width\" content=\"2048\" \/>\n\t<meta property=\"og:image:height\" content=\"1364\" \/>\n\t<meta property=\"og:image:type\" content=\"image\/jpeg\" \/>\n<meta name=\"author\" content=\"Admin\" \/>\n<meta name=\"twitter:card\" content=\"summary_large_image\" \/>\n<meta name=\"twitter:label1\" content=\"\u00c9crit par\" \/>\n\t<meta name=\"twitter:data1\" content=\"Admin\" \/>\n\t<meta name=\"twitter:label2\" content=\"Dur\u00e9e de lecture estim\u00e9e\" \/>\n\t<meta name=\"twitter:data2\" content=\"2 minutes\" \/>\n<script type=\"application\/ld+json\" class=\"yoast-schema-graph\">{\"@context\":\"https:\\\/\\\/schema.org\",\"@graph\":[{\"@type\":\"Article\",\"@id\":\"https:\\\/\\\/agenda-culturel-bf.com\\\/?p=1292#article\",\"isPartOf\":{\"@id\":\"https:\\\/\\\/agenda-culturel-bf.com\\\/?p=1292\"},\"author\":{\"name\":\"Admin\",\"@id\":\"https:\\\/\\\/agenda-culturel-bf.com\\\/#\\\/schema\\\/person\\\/d8068eb959233041a009440fbc9b48dd\"},\"headline\":\"Burkina : Des tenues traditionnelles burkinab\u00e8 pour la sortie de promotion de l&rsquo;arm\u00e9e\",\"datePublished\":\"2026-07-26T22:27:38+00:00\",\"mainEntityOfPage\":{\"@id\":\"https:\\\/\\\/agenda-culturel-bf.com\\\/?p=1292\"},\"wordCount\":222,\"commentCount\":0,\"publisher\":{\"@id\":\"https:\\\/\\\/agenda-culturel-bf.com\\\/#organization\"},\"image\":{\"@id\":\"https:\\\/\\\/agenda-culturel-bf.com\\\/?p=1292#primaryimage\"},\"thumbnailUrl\":\"https:\\\/\\\/agenda-culturel-bf.com\\\/wp-content\\\/uploads\\\/2026\\\/07\\\/FB_IMG_1785102763611.jpg\",\"articleSection\":[\"Art &amp; Culture\"],\"inLanguage\":\"fr-FR\",\"potentialAction\":[{\"@type\":\"CommentAction\",\"name\":\"Comment\",\"target\":[\"https:\\\/\\\/agenda-culturel-bf.com\\\/?p=1292#respond\"]}]},{\"@type\":\"WebPage\",\"@id\":\"https:\\\/\\\/agenda-culturel-bf.com\\\/?p=1292\",\"url\":\"https:\\\/\\\/agenda-culturel-bf.com\\\/?p=1292\",\"name\":\"Burkina : Des tenues traditionnelles burkinab\u00e8 pour la sortie de promotion de l'arm\u00e9e - Agenda Culturel Burkina\",\"isPartOf\":{\"@id\":\"https:\\\/\\\/agenda-culturel-bf.com\\\/#website\"},\"primaryImageOfPage\":{\"@id\":\"https:\\\/\\\/agenda-culturel-bf.com\\\/?p=1292#primaryimage\"},\"image\":{\"@id\":\"https:\\\/\\\/agenda-culturel-bf.com\\\/?p=1292#primaryimage\"},\"thumbnailUrl\":\"https:\\\/\\\/agenda-culturel-bf.com\\\/wp-content\\\/uploads\\\/2026\\\/07\\\/FB_IMG_1785102763611.jpg\",\"datePublished\":\"2026-07-26T22:27:38+00:00\",\"breadcrumb\":{\"@id\":\"https:\\\/\\\/agenda-culturel-bf.com\\\/?p=1292#breadcrumb\"},\"inLanguage\":\"fr-FR\",\"potentialAction\":[{\"@type\":\"ReadAction\",\"target\":[\"https:\\\/\\\/agenda-culturel-bf.com\\\/?p=1292\"]}]},{\"@type\":\"ImageObject\",\"inLanguage\":\"fr-FR\",\"@id\":\"https:\\\/\\\/agenda-culturel-bf.com\\\/?p=1292#primaryimage\",\"url\":\"https:\\\/\\\/agenda-culturel-bf.com\\\/wp-content\\\/uploads\\\/2026\\\/07\\\/FB_IMG_1785102763611.jpg\",\"contentUrl\":\"https:\\\/\\\/agenda-culturel-bf.com\\\/wp-content\\\/uploads\\\/2026\\\/07\\\/FB_IMG_1785102763611.jpg\",\"width\":2048,\"height\":1364},{\"@type\":\"BreadcrumbList\",\"@id\":\"https:\\\/\\\/agenda-culturel-bf.com\\\/?p=1292#breadcrumb\",\"itemListElement\":[{\"@type\":\"ListItem\",\"position\":1,\"name\":\"Home\",\"item\":\"https:\\\/\\\/agenda-culturel-bf.com\\\/\"},{\"@type\":\"ListItem\",\"position\":2,\"name\":\"Burkina : Des tenues traditionnelles burkinab\u00e8 pour la sortie de promotion de l&rsquo;arm\u00e9e\"}]},{\"@type\":\"WebSite\",\"@id\":\"https:\\\/\\\/agenda-culturel-bf.com\\\/#website\",\"url\":\"https:\\\/\\\/agenda-culturel-bf.com\\\/\",\"name\":\"Agenda Culturel Burkina\",\"description\":\"\",\"publisher\":{\"@id\":\"https:\\\/\\\/agenda-culturel-bf.com\\\/#organization\"},\"potentialAction\":[{\"@type\":\"SearchAction\",\"target\":{\"@type\":\"EntryPoint\",\"urlTemplate\":\"https:\\\/\\\/agenda-culturel-bf.com\\\/?s={search_term_string}\"},\"query-input\":{\"@type\":\"PropertyValueSpecification\",\"valueRequired\":true,\"valueName\":\"search_term_string\"}}],\"inLanguage\":\"fr-FR\"},{\"@type\":\"Organization\",\"@id\":\"https:\\\/\\\/agenda-culturel-bf.com\\\/#organization\",\"name\":\"Agenda Culturel Burkina\",\"url\":\"https:\\\/\\\/agenda-culturel-bf.com\\\/\",\"logo\":{\"@type\":\"ImageObject\",\"inLanguage\":\"fr-FR\",\"@id\":\"https:\\\/\\\/agenda-culturel-bf.com\\\/#\\\/schema\\\/logo\\\/image\\\/\",\"url\":\"https:\\\/\\\/agenda-culturel-bf.com\\\/wp-content\\\/uploads\\\/2026\\\/07\\\/logo1.jpg\",\"contentUrl\":\"https:\\\/\\\/agenda-culturel-bf.com\\\/wp-content\\\/uploads\\\/2026\\\/07\\\/logo1.jpg\",\"width\":250,\"height\":250,\"caption\":\"Agenda Culturel Burkina\"},\"image\":{\"@id\":\"https:\\\/\\\/agenda-culturel-bf.com\\\/#\\\/schema\\\/logo\\\/image\\\/\"}},{\"@type\":\"Person\",\"@id\":\"https:\\\/\\\/agenda-culturel-bf.com\\\/#\\\/schema\\\/person\\\/d8068eb959233041a009440fbc9b48dd\",\"name\":\"Admin\",\"image\":{\"@type\":\"ImageObject\",\"inLanguage\":\"fr-FR\",\"@id\":\"https:\\\/\\\/secure.gravatar.com\\\/avatar\\\/7b133366f3aefc58e8c220f8912fc40cee1024290a2f146b827e79e190187c2b?s=96&d=mm&r=g\",\"url\":\"https:\\\/\\\/secure.gravatar.com\\\/avatar\\\/7b133366f3aefc58e8c220f8912fc40cee1024290a2f146b827e79e190187c2b?s=96&d=mm&r=g\",\"contentUrl\":\"https:\\\/\\\/secure.gravatar.com\\\/avatar\\\/7b133366f3aefc58e8c220f8912fc40cee1024290a2f146b827e79e190187c2b?s=96&d=mm&r=g\",\"caption\":\"Admin\"},\"url\":\"https:\\\/\\\/agenda-culturel-bf.com\\\/?author=2\"}]}<\/script>\n<!-- \/ Yoast SEO plugin. -->","yoast_head_json":{"title":"Burkina : Des tenues traditionnelles burkinab\u00e8 pour la sortie de promotion de l'arm\u00e9e - Agenda Culturel Burkina","robots":{"index":"index","follow":"follow","max-snippet":"max-snippet:-1","max-image-preview":"max-image-preview:large","max-video-preview":"max-video-preview:-1"},"canonical":"https:\/\/agenda-culturel-bf.com\/?p=1292","og_locale":"fr_FR","og_type":"article","og_title":"Burkina : Des tenues traditionnelles burkinab\u00e8 pour la sortie de promotion de l'arm\u00e9e - Agenda Culturel Burkina","og_description":"\u00c0 l\u2019occasion de la sortie de la 25\u1d49 promotion des \u00c9l\u00e8ves Officiers d\u2019Active de l\u2019Acad\u00e9mie Militaire Georges-Namoano (AMGN), une nouvelle...","og_url":"https:\/\/agenda-culturel-bf.com\/?p=1292","og_site_name":"Agenda Culturel Burkina","article_published_time":"2026-07-26T22:27:38+00:00","og_image":[{"width":2048,"height":1364,"url":"https:\/\/agenda-culturel-bf.com\/wp-content\/uploads\/2026\/07\/FB_IMG_1785102763611.jpg","type":"image\/jpeg"}],"author":"Admin","twitter_card":"summary_large_image","twitter_misc":{"\u00c9crit par":"Admin","Dur\u00e9e de lecture estim\u00e9e":"2 minutes"},"schema":{"@context":"https:\/\/schema.org","@graph":[{"@type":"Article","@id":"https:\/\/agenda-culturel-bf.com\/?p=1292#article","isPartOf":{"@id":"https:\/\/agenda-culturel-bf.com\/?p=1292"},"author":{"name":"Admin","@id":"https:\/\/agenda-culturel-bf.com\/#\/schema\/person\/d8068eb959233041a009440fbc9b48dd"},"headline":"Burkina : Des tenues traditionnelles burkinab\u00e8 pour la sortie de promotion de l&rsquo;arm\u00e9e","datePublished":"2026-07-26T22:27:38+00:00","mainEntityOfPage":{"@id":"https:\/\/agenda-culturel-bf.com\/?p=1292"},"wordCount":222,"commentCount":0,"publisher":{"@id":"https:\/\/agenda-culturel-bf.com\/#organization"},"image":{"@id":"https:\/\/agenda-culturel-bf.com\/?p=1292#primaryimage"},"thumbnailUrl":"https:\/\/agenda-culturel-bf.com\/wp-content\/uploads\/2026\/07\/FB_IMG_1785102763611.jpg","articleSection":["Art &amp; Culture"],"inLanguage":"fr-FR","potentialAction":[{"@type":"CommentAction","name":"Comment","target":["https:\/\/agenda-culturel-bf.com\/?p=1292#respond"]}]},{"@type":"WebPage","@id":"https:\/\/agenda-culturel-bf.com\/?p=1292","url":"https:\/\/agenda-culturel-bf.com\/?p=1292","name":"Burkina : Des tenues traditionnelles burkinab\u00e8 pour la sortie de promotion de l'arm\u00e9e - Agenda Culturel Burkina","isPartOf":{"@id":"https:\/\/agenda-culturel-bf.com\/#website"},"primaryImageOfPage":{"@id":"https:\/\/agenda-culturel-bf.com\/?p=1292#primaryimage"},"image":{"@id":"https:\/\/agenda-culturel-bf.com\/?p=1292#primaryimage"},"thumbnailUrl":"https:\/\/agenda-culturel-bf.com\/wp-content\/uploads\/2026\/07\/FB_IMG_1785102763611.jpg","datePublished":"2026-07-26T22:27:38+00:00","breadcrumb":{"@id":"https:\/\/agenda-culturel-bf.com\/?p=1292#breadcrumb"},"inLanguage":"fr-FR","potentialAction":[{"@type":"ReadAction","target":["https:\/\/agenda-culturel-bf.com\/?p=1292"]}]},{"@type":"ImageObject","inLanguage":"fr-FR","@id":"https:\/\/agenda-culturel-bf.com\/?p=1292#primaryimage","url":"https:\/\/agenda-culturel-bf.com\/wp-content\/uploads\/2026\/07\/FB_IMG_1785102763611.jpg","contentUrl":"https:\/\/agenda-culturel-bf.com\/wp-content\/uploads\/2026\/07\/FB_IMG_1785102763611.jpg","width":2048,"height":1364},{"@type":"BreadcrumbList","@id":"https:\/\/agenda-culturel-bf.com\/?p=1292#breadcrumb","itemListElement":[{"@type":"ListItem","position":1,"name":"Home","item":"https:\/\/agenda-culturel-bf.com\/"},{"@type":"ListItem","position":2,"name":"Burkina : Des tenues traditionnelles burkinab\u00e8 pour la sortie de promotion de l&rsquo;arm\u00e9e"}]},{"@type":"WebSite","@id":"https:\/\/agenda-culturel-bf.com\/#website","url":"https:\/\/agenda-culturel-bf.com\/","name":"Agenda Culturel Burkina","description":"","publisher":{"@id":"https:\/\/agenda-culturel-bf.com\/#organization"},"potentialAction":[{"@type":"SearchAction","target":{"@type":"EntryPoint","urlTemplate":"https:\/\/agenda-culturel-bf.com\/?s={search_term_string}"},"query-input":{"@type":"PropertyValueSpecification","valueRequired":true,"valueName":"search_term_string"}}],"inLanguage":"fr-FR"},{"@type":"Organization","@id":"https:\/\/agenda-culturel-bf.com\/#organization","name":"Agenda Culturel Burkina","url":"https:\/\/agenda-culturel-bf.com\/","logo":{"@type":"ImageObject","inLanguage":"fr-FR","@id":"https:\/\/agenda-culturel-bf.com\/#\/schema\/logo\/image\/","url":"https:\/\/agenda-culturel-bf.com\/wp-content\/uploads\/2026\/07\/logo1.jpg","contentUrl":"https:\/\/agenda-culturel-bf.com\/wp-content\/uploads\/2026\/07\/logo1.jpg","width":250,"height":250,"caption":"Agenda Culturel Burkina"},"image":{"@id":"https:\/\/agenda-culturel-bf.com\/#\/schema\/logo\/image\/"}},{"@type":"Person","@id":"https:\/\/agenda-culturel-bf.com\/#\/schema\/person\/d8068eb959233041a009440fbc9b48dd","name":"Admin","image":{"@type":"ImageObject","inLanguage":"fr-FR","@id":"https:\/\/secure.gravatar.com\/avatar\/7b133366f3aefc58e8c220f8912fc40cee1024290a2f146b827e79e190187c2b?s=96&d=mm&r=g","url":"https:\/\/secure.gravatar.com\/avatar\/7b133366f3aefc58e8c220f8912fc40cee1024290a2f146b827e79e190187c2b?s=96&d=mm&r=g","contentUrl":"https:\/\/secure.gravatar.com\/avatar\/7b133366f3aefc58e8c220f8912fc40cee1024290a2f146b827e79e190187c2b?s=96&d=mm&r=g","caption":"Admin"},"url":"https:\/\/agenda-culturel-bf.com\/?author=2"}]}},"_links":{"self":[{"href":"https:\/\/agenda-culturel-bf.com\/index.php?rest_route=\/wp\/v2\/posts\/1292","targetHints":{"allow":["GET"]}}],"collection":[{"href":"https:\/\/agenda-culturel-bf.com\/index.php?rest_route=\/wp\/v2\/posts"}],"about":[{"href":"https:\/\/agenda-culturel-bf.com\/index.php?rest_route=\/wp\/v2\/types\/post"}],"author":[{"embeddable":true,"href":"https:\/\/agenda-culturel-bf.com\/index.php?rest_route=\/wp\/v2\/users\/2"}],"replies":[{"embeddable":true,"href":"https:\/\/agenda-culturel-bf.com\/index.php?rest_route=%2Fwp%2Fv2%2Fcomments&post=1292"}],"version-history":[{"count":1,"href":"https:\/\/agenda-culturel-bf.com\/index.php?rest_route=\/wp\/v2\/posts\/1292\/revisions"}],"predecessor-version":[{"id":1294,"href":"https:\/\/agenda-culturel-bf.com\/index.php?rest_route=\/wp\/v2\/posts\/1292\/revisions\/1294"}],"wp:featuredmedia":[{"embeddable":true,"href":"https:\/\/agenda-culturel-bf.com\/index.php?rest_route=\/wp\/v2\/media\/1293"}],"wp:attachment":[{"href":"https:\/\/agenda-culturel-bf.com\/index.php?rest_route=%2Fwp%2Fv2%2Fmedia&parent=1292"}],"wp:term":[{"taxonomy":"category","embeddable":true,"href":"https:\/\/agenda-culturel-bf.com\/index.php?rest_route=%2Fwp%2Fv2%2Fcategories&post=1292"},{"taxonomy":"post_tag","embeddable":true,"href":"https:\/\/agenda-culturel-bf.com\/index.php?rest_route=%2Fwp%2Fv2%2Ftags&post=1292"}],"curies":[{"name":"wp","href":"https:\/\/api.w.org\/{rel}","templated":true}]}}